{"id":945,"date":"2022-07-05T11:17:33","date_gmt":"2022-07-05T09:17:33","guid":{"rendered":"https:\/\/www.formademia.fr\/blog\/?p=945"},"modified":"2022-09-07T16:28:52","modified_gmt":"2022-09-07T14:28:52","slug":"communication","status":"publish","type":"post","link":"https:\/\/www.formademia.fr\/blog\/fiches-metiers\/communication\/","title":{"rendered":"Communication : description, missions et salaire"},"content":{"rendered":"\n<figure class=\"wp-block-image is-style-rounded\"><img src=\"https:\/\/lh3.googleusercontent.com\/sg7pgYVckM1sSl4_2PyJxZjSgL2SaR8hkdefEtD3frDyiOpTRb9HLqDWNzUyeqSBpRPZR8W4YLixNCo_jsTwrv3aJ-ZgXa7N-7VRN3TDg7tqGg-wzzesljrLwmKMcDJR14Q7i9a_gbC_lWBKSVc\" alt=\"\"\/><\/figure>\n\n\n\n<p><strong>Vous souhaitez exercer une profession dans le domaine de la communication et \u00eatre valoris\u00e9 sur le march\u00e9 du travail ? Plusieurs solutions diff\u00e9rentes peuvent s\u2019offrir \u00e0 vous. Quelles sont les t\u00e2ches \u00e0 effectuer et quel est le salaire que vous pouvez percevoir ? Formademia vous en dit plus.&nbsp;<\/strong><\/p>\n\n\n\n<hr class=\"wp-block-separator\"\/>\n\n\n\n<div id=\"ez-toc-container\" class=\"ez-toc-v2_0_19 counter-hierarchy ez-toc-grey\">\n<div class=\"ez-toc-title-container\">\n<p class=\"ez-toc-title\">Sommaire<\/p>\n<span class=\"ez-toc-title-toggle\"><\/span><\/div>\n<nav><ul class=\"ez-toc-list ez-toc-list-level-1\"><li class=\"ez-toc-page-1 ez-toc-heading-level-2\"><a class=\"ez-toc-link ez-toc-heading-1\" href=\"https:\/\/www.formademia.fr\/blog\/fiches-metiers\/communication\/#En_quoi_consistent_les_metiers_de_la_communication\" title=\"En quoi consistent les m\u00e9tiers de la communication?\">En quoi consistent les m\u00e9tiers de la communication?<\/a><ul class=\"ez-toc-list-level-3\"><li class=\"ez-toc-heading-level-3\"><a class=\"ez-toc-link ez-toc-heading-2\" href=\"https:\/\/www.formademia.fr\/blog\/fiches-metiers\/communication\/#Les_piliers_de_la_communication\" title=\"Les piliers de la communication&nbsp;\">Les piliers de la communication&nbsp;<\/a><\/li><li class=\"ez-toc-page-1 ez-toc-heading-level-3\"><a class=\"ez-toc-link ez-toc-heading-3\" href=\"https:\/\/www.formademia.fr\/blog\/fiches-metiers\/communication\/#Les_missions_principales_du_charge_de_communication\" title=\"Les missions principales du charg\u00e9 de communication\">Les missions principales du charg\u00e9 de communication<\/a><\/li><li class=\"ez-toc-page-1 ez-toc-heading-level-3\"><a class=\"ez-toc-link ez-toc-heading-4\" href=\"https:\/\/www.formademia.fr\/blog\/fiches-metiers\/communication\/#Les_competences_requises_aux_metiers_de_la_communication\" title=\"Les comp\u00e9tences requises aux m\u00e9tiers de la communication&nbsp;\">Les comp\u00e9tences requises aux m\u00e9tiers de la communication&nbsp;<\/a><\/li><\/ul><\/li><li class=\"ez-toc-page-1 ez-toc-heading-level-2\"><a class=\"ez-toc-link ez-toc-heading-5\" href=\"https:\/\/www.formademia.fr\/blog\/fiches-metiers\/communication\/#Formations_Comment_se_former_a_la_communication\" title=\"Formations : Comment se former \u00e0 la communication ?\">Formations : Comment se former \u00e0 la communication ?<\/a><ul class=\"ez-toc-list-level-3\"><li class=\"ez-toc-heading-level-3\"><a class=\"ez-toc-link ez-toc-heading-6\" href=\"https:\/\/www.formademia.fr\/blog\/fiches-metiers\/communication\/#Les_formations_initiales\" title=\"Les formations initiales \">Les formations initiales <\/a><\/li><li class=\"ez-toc-page-1 ez-toc-heading-level-3\"><a class=\"ez-toc-link ez-toc-heading-7\" href=\"https:\/\/www.formademia.fr\/blog\/fiches-metiers\/communication\/#Les_formations_professionnelles\" title=\"Les formations professionnelles\">Les formations professionnelles<\/a><\/li><\/ul><\/li><li class=\"ez-toc-page-1 ez-toc-heading-level-2\"><a class=\"ez-toc-link ez-toc-heading-8\" href=\"https:\/\/www.formademia.fr\/blog\/fiches-metiers\/communication\/#Quel_est_le_salaire_pour_un_charge_de_communication\" title=\"Quel est le salaire pour un charg\u00e9 de communication ?\">Quel est le salaire pour un charg\u00e9 de communication ?<\/a><\/li><li class=\"ez-toc-page-1 ez-toc-heading-level-2\"><a class=\"ez-toc-link ez-toc-heading-9\" href=\"https:\/\/www.formademia.fr\/blog\/fiches-metiers\/communication\/#Quels_sont_les_potentiels_debouches_dans_le_secteur_de_la_communication\" title=\"Quels sont les potentiels d\u00e9bouch\u00e9s dans le secteur de la communication ?\">Quels sont les potentiels d\u00e9bouch\u00e9s dans le secteur de la communication ?<\/a><\/li><\/ul><\/nav><\/div>\n<h2><span class=\"ez-toc-section\" id=\"En_quoi_consistent_les_metiers_de_la_communication\"><\/span>En quoi consistent les m\u00e9tiers de la communication?<span class=\"ez-toc-section-end\"><\/span><\/h2>\n\n\n\n<p>Si vous souhaitez exercer une activit\u00e9 dans le secteur de la communication, plusieurs professions diff\u00e9rentes sont \u00e9tablies. Diff\u00e9rentes formations sont accessibles, en fonction du m\u00e9tier que vous souhaitez suivre.&nbsp;<\/p>\n\n\n\n<h3><span class=\"ez-toc-section\" id=\"Les_piliers_de_la_communication\"><\/span>Les piliers de la communication&nbsp;<span class=\"ez-toc-section-end\"><\/span><\/h3>\n\n\n\n<div class=\"wp-block-image\"><figure class=\"alignright size-large is-resized\"><img loading=\"lazy\" src=\"https:\/\/www.formademia.fr\/blog\/wp-content\/uploads\/2022\/07\/john-schnobrich-FlPc9_VocJ4-unsplash-5-1024x683.jpg\" alt=\"\" class=\"wp-image-1337\" width=\"489\" height=\"326\" srcset=\"https:\/\/www.formademia.fr\/blog\/wp-content\/uploads\/2022\/07\/john-schnobrich-FlPc9_VocJ4-unsplash-5-1024x683.jpg 1024w, https:\/\/www.formademia.fr\/blog\/wp-content\/uploads\/2022\/07\/john-schnobrich-FlPc9_VocJ4-unsplash-5-300x200.jpg 300w, https:\/\/www.formademia.fr\/blog\/wp-content\/uploads\/2022\/07\/john-schnobrich-FlPc9_VocJ4-unsplash-5-768x512.jpg 768w, https:\/\/www.formademia.fr\/blog\/wp-content\/uploads\/2022\/07\/john-schnobrich-FlPc9_VocJ4-unsplash-5-1536x1024.jpg 1536w, https:\/\/www.formademia.fr\/blog\/wp-content\/uploads\/2022\/07\/john-schnobrich-FlPc9_VocJ4-unsplash-5-2048x1365.jpg 2048w, https:\/\/www.formademia.fr\/blog\/wp-content\/uploads\/2022\/07\/john-schnobrich-FlPc9_VocJ4-unsplash-5-600x400.jpg 600w\" sizes=\"(max-width: 489px) 100vw, 489px\" \/><\/figure><\/div>\n\n\n\n<p>En r\u00e8gle g\u00e9n\u00e9rale, le directeur de communication joue un r\u00f4le essentiel dans ce domaine. Il d\u00e9termine la politique de communication et assure un certain \u00e9quilibre au sein de l\u2019\u00e9quipe de professionnels. Ces m\u00e9tiers sont les suivants :&nbsp;<\/p>\n\n\n\n<ul><li>Attach\u00e9s de presse : charg\u00e9s des relations avec les journalistes.&nbsp;<\/li><li>Charg\u00e9s des relations publiques et de la communication \u00e9v\u00e9nementielle : organisations des \u00e9v\u00e8nements, conf\u00e9rences, webinaires, etc.&nbsp;<\/li><li>Responsables de la communication interne : prise en charge des relations avec les employ\u00e9s&nbsp;<\/li><li>Charg\u00e9s du \u201cB to B\u201d : gestion des relations avec les annonceurs&nbsp;<\/li><li>Journalistes d\u2019entreprise : mise en place de documents photocopi\u00e9s, imprim\u00e9s ou en ligne&nbsp;<\/li><li>Community manager : animation des r\u00e9seaux&nbsp;<\/li><li>Directeurs artistiques et graphistes : \u00e9tablissement de l\u2019identit\u00e9 visuelle de l\u2019entreprise&nbsp;<\/li><\/ul>\n\n\n\n<p>Dans le cas d\u2019une agence, les professions d\u00e9butent g\u00e9n\u00e9ralement en tant que consultant junior dans le domaine de la presse ou des relations. Au fur et \u00e0 mesure, vous aurez la possibilit\u00e9 de monter les \u00e9chelons et de vous sp\u00e9cialiser dans certaines t\u00e2ches sp\u00e9cifiques.&nbsp;<\/p>\n\n\n\n<h3><span class=\"ez-toc-section\" id=\"Les_missions_principales_du_charge_de_communication\"><\/span>Les missions principales du charg\u00e9 de communication<span class=\"ez-toc-section-end\"><\/span><\/h3>\n\n\n\n<p>Habituellement, le charg\u00e9 de communication occupe une place essentielle au sein d\u2019une entreprise. Il g\u00e8re les relations entre clients partenaires, ainsi que les services ou biens produits par la structure. Il est \u00e9galement responsable de la transmission des messages en interne aupr\u00e8s des employ\u00e9s.<\/p>\n\n\n\n<p>Il d\u00e9veloppe et \u00e9tablit des strat\u00e9gies en interne ou externe, dans l\u2019objectif d\u2019attirer ou de fid\u00e9liser les consommateurs. Son travail permet d\u2019am\u00e9liorer l\u2019image de la marque en comparaison aux autres concurrents.&nbsp;<\/p>\n\n\n\n<p>Ses missions sont les suivantes :&nbsp;<\/p>\n\n\n\n<ul><li>Mise en place du contenu, des supports et des outils de communication,&nbsp;<\/li><li>R\u00e9alisation et planification des actions de communication,&nbsp;<\/li><li>\u00c9laboration des strat\u00e9gies de communication en interne et en externe,&nbsp;<\/li><li>Prise en compte des droits \u00e0 l&#8217;information et des politiques d\u2019entreprise,<\/li><li>Gestion de projet et de budget,&nbsp;<\/li><li>Usage du logiciel de montage photo et d\u2019\u00e9dition multim\u00e9dia,&nbsp;<\/li><li>Mise en place des outils de web analyse, bureautiques ou de la publication assist\u00e9e par ordinateur (PAO),&nbsp;<\/li><li>Emploi des m\u00e9thodes de commerce ou de communication,&nbsp;<\/li><li>Mise en place de documents pour les diff\u00e9rents acteurs concern\u00e9s,&nbsp;<\/li><li>D\u00e9finition de la strat\u00e9gie de communication, des prestations, du r\u00e9seau de partenaires,&nbsp;<\/li><li>Direction d\u2019une \u00e9quipe et des diff\u00e9rents p\u00f4les,&nbsp;<\/li><li>N\u00e9gociation de contrats,&nbsp;<\/li><li>S\u00e9lection des partenaires, fournisseurs et autres prestataires.&nbsp;<\/li><\/ul>\n\n\n\n<h3><span class=\"ez-toc-section\" id=\"Les_competences_requises_aux_metiers_de_la_communication\"><\/span>Les comp\u00e9tences requises aux m\u00e9tiers de la communication&nbsp;<span class=\"ez-toc-section-end\"><\/span><\/h3>\n\n\n\n<p>Pour subvenir aux besoins d\u2019une entreprise, les responsables doivent prendre en charge diverses comp\u00e9tences. Celles-ci peuvent \u00eatre renforc\u00e9es, de sorte \u00e0 se d\u00e9marquer et effectuer un rendu relativement int\u00e9ressant.&nbsp;<\/p>\n\n\n\n<p>Ces comp\u00e9tences concernent :&nbsp;<\/p>\n\n\n\n<ul><li>La conception de la ligne \u00e9ditoriale et de la charte graphique (site web, r\u00e9seaux sociaux, etc.),\u00a0<\/li><li>Le maintien d\u2019une veille des m\u00e9dias,\u00a0<\/li><li>La mise \u00e0 jour du press-book et de la documentation,\u00a0<\/li><li>La R\u00e9daction de contenus (communiqu\u00e9s et dossiers de presse),\u00a0<\/li><li>La garantie de l\u2019\u00e9dition de documents de communication pour le service graphique et en lien direct avec les prestataires externes,<\/li><li>Le suivi du contenu produit (journal interne, r\u00e9daction de bulletins, cr\u00e9ation de flyers et d\u2019affiches),\u00a0<\/li><li>Le respect des r\u00e9troplannings et des d\u00e9lais de production,<\/li><li>La mise en place des actions de relation publique (\u00e9v\u00e9nementiel, diffusion, promotion),\u00a0<\/li><li>Gestion des r\u00e9seaux de partenaires et avec la presse,\u00a0<\/li><li>Bonne culture g\u00e9n\u00e9rale,\u00a0<\/li><li>Niveau de langues adapt\u00e9s,\u00a0<\/li><li><a href=\"https:\/\/www.formademia.fr\/blog\/fiches-metiers\/community-manager\/\"><strong>Connaissance des r\u00e9seaux sociaux<\/strong><\/a> et des plateformes Internet.<\/li><\/ul>\n\n\n\n<h2><span class=\"ez-toc-section\" id=\"Formations_Comment_se_former_a_la_communication\"><\/span>Formations : Comment se former \u00e0 la communication ?<span class=\"ez-toc-section-end\"><\/span><\/h2>\n\n\n\n<p>Il existe deux cursus professionnels diff\u00e9rents pour pouvoir exercer une activit\u00e9 dans ce domaine sp\u00e9cifique. Selon votre profil, vous pouvez suivre l\u2019une d\u2019entre elles.&nbsp;&nbsp;<\/p>\n\n\n\n<h3><span class=\"ez-toc-section\" id=\"Les_formations_initiales\"><\/span>Les formations initiales <span class=\"ez-toc-section-end\"><\/span><\/h3>\n\n\n\n<div class=\"wp-block-image\"><figure class=\"alignleft size-large is-resized\"><img loading=\"lazy\" src=\"https:\/\/www.formademia.fr\/blog\/wp-content\/uploads\/2022\/07\/freestocks-mw6Onwg4frY-unsplash-1024x683.jpg\" alt=\"\" class=\"wp-image-1338\" width=\"360\" height=\"240\" srcset=\"https:\/\/www.formademia.fr\/blog\/wp-content\/uploads\/2022\/07\/freestocks-mw6Onwg4frY-unsplash-1024x683.jpg 1024w, https:\/\/www.formademia.fr\/blog\/wp-content\/uploads\/2022\/07\/freestocks-mw6Onwg4frY-unsplash-300x200.jpg 300w, https:\/\/www.formademia.fr\/blog\/wp-content\/uploads\/2022\/07\/freestocks-mw6Onwg4frY-unsplash-768x512.jpg 768w, https:\/\/www.formademia.fr\/blog\/wp-content\/uploads\/2022\/07\/freestocks-mw6Onwg4frY-unsplash-1536x1024.jpg 1536w, https:\/\/www.formademia.fr\/blog\/wp-content\/uploads\/2022\/07\/freestocks-mw6Onwg4frY-unsplash-2048x1365.jpg 2048w, https:\/\/www.formademia.fr\/blog\/wp-content\/uploads\/2022\/07\/freestocks-mw6Onwg4frY-unsplash-600x400.jpg 600w\" sizes=\"(max-width: 360px) 100vw, 360px\" \/><\/figure><\/div>\n\n\n\n<p>De sorte \u00e0 avoir acc\u00e8s aux notions de base de la communication, plusieurs formations sont \u00e9tablies en France.&nbsp;&nbsp;<\/p>\n\n\n\n<p>Pour un Bac + 2, le BTS communication permet de b\u00e9n\u00e9ficier d\u2019un premier aper\u00e7u au sein du secteur. Tous les \u00e9tudiants dipl\u00f4m\u00e9s peuvent poursuivre une licence professionnelle. Elle leur permettra de se sp\u00e9cialiser au bout d\u2019une ann\u00e9e, dans un domaine plus sp\u00e9cifique, de sorte \u00e0 renforcer leurs comp\u00e9tences au fur et \u00e0 mesure du temps.&nbsp;<\/p>\n\n\n\n<p>Pour un Bac + 3, le BUT information-communication offre une possibilit\u00e9 de parcours de communication pour les organisations, pr\u00e9parant aux professions de responsable de communication interne, attach\u00e9s de presse, assistant en relations publiques ou projet \u00e9v\u00e9nementiel.&nbsp;<\/p>\n\n\n\n<p>Le Bachelor Universitaire de Technologie (BUT) se pr\u00e9sente comme un nouveau dipl\u00f4me sur 3 ans, disponible apr\u00e8s le bac, et propos\u00e9 en IUT. Avec les deux premi\u00e8res ann\u00e9es d\u2019\u00e9tudes, les 4 piliers pourront \u00eatre d\u2019ores et d\u00e9j\u00e0 valid\u00e9s, permettant l\u2019acc\u00e8s \u00e0 d\u2019autres formations. Cela facilite l\u2019insertion professionnelle et la poursuite d\u2019\u00e9tudes en master, \u00e9coles de commerce ou formations sp\u00e9cialis\u00e9es.&nbsp;<\/p>\n\n\n\n<p>Les formations des BTS et BUT permettent de b\u00e9n\u00e9ficier de notions indispensables. Les postes en communication n\u00e9cessitent un bac + 4 ou bac + 5. Tous les \u00e9tudiants inscrits \u00e0 l\u2019universit\u00e9 en licence mention information-communication pourront suivre un master, renfor\u00e7ant leurs comp\u00e9tences. Au travers des stages, il sera \u00e9galement possible de mettre en pratique ses connaissances et de b\u00e9n\u00e9ficier d\u2019une exp\u00e9rience professionnelle.&nbsp;<\/p>\n\n\n\n<div class='shortcode check'><div class='content'>Les \u00e9coles de communication sont toutes priv\u00e9es, mais permettent une certification reconnue par l\u2019\u00c9tat.<\/div><\/div>\n\n\n\n<h3><span class=\"ez-toc-section\" id=\"Les_formations_professionnelles\"><\/span>Les formations professionnelles<span class=\"ez-toc-section-end\"><\/span><\/h3>\n\n\n\n<p>Il existe \u00e9galement des formations professionnelles, \u00e9tablies en parall\u00e8le des formations professionnelles. Leur objectif est de favoriser l\u2019insertion et de renforcer les comp\u00e9tences des \u00e9tudiants, avant leur entr\u00e9e sur le march\u00e9 du travail.&nbsp;<\/p>\n\n\n\n<p>Selon l\u2019activit\u00e9 que vous souhaitez exercer, vous pouvez suivre des s\u00e9ances d\u2019apprentissage diff\u00e9rentes. Elles vous permettront de b\u00e9n\u00e9ficier de notions suppl\u00e9mentaires et de dipl\u00f4mes ou certificats attestant de vos capacit\u00e9s.&nbsp;<\/p>\n\n\n\n<p>Ainsi, vous pourrez \u00eatre reconnu et valoris\u00e9 dans le domaine de la communication.\u00a0Pour trouver votre formation, vous pouvez consulter notre article : <a href=\"https:\/\/www.formademia.fr\/blog\/formations\/trouver-ma-formation\/\"><strong>Comment trouver ma formation professionnelle ?<\/strong><\/a><\/p>\n\n\n\n<div class='shortcode read-more'><div class='title'>En savoir plus<\/div><div class='content'>Pour en apprendre davantage sur les <strong><a href=\"https:\/\/www.formademia.fr\/blog\/formations\/\">formations<\/a><\/strong> qui sont accessibles, vous pouvez consulter notre article sur le sujet, via notre site web.<\/div><\/div>\n\n\n\n<h2><span class=\"ez-toc-section\" id=\"Quel_est_le_salaire_pour_un_charge_de_communication\"><\/span>Quel est le salaire pour un charg\u00e9 de communication ?<span class=\"ez-toc-section-end\"><\/span><\/h2>\n\n\n\n<p>En tant que responsable de communication, vous aurez la possibilit\u00e9 de b\u00e9n\u00e9ficier d\u2019une r\u00e9mun\u00e9ration, dont le montant varie selon votre exp\u00e9rience. Cela d\u00e9pend \u00e9galement de l\u2019entreprise dans laquelle vous exercez votre activit\u00e9, qu\u2019il s\u2019agisse d\u2019une agence, d\u2019une PME ou grande structure.&nbsp;<\/p>\n\n\n\n<p>En r\u00e8gle g\u00e9n\u00e9rale, le salaire est compris entre 1.700 \u20ac&nbsp;et 2.500 \u20ac&nbsp;brut par mois. Pour ce qui est des entreprise comptant plus de 500 employ\u00e9s, le montant peut varier entre 2.500 \u20ac&nbsp;et 4.500 \u20ac mensuels.&nbsp;<\/p>\n\n\n\n<div class='shortcode disclaimer'><div class='title'>Attention<\/div><div class='content'>Selon le m\u00e9tier exerc\u00e9 dans le domaine de la communication, le salaire attribu\u00e9 est \u00e9galement diff\u00e9rent.<\/div><\/div>\n\n\n\n<h2><span class=\"ez-toc-section\" id=\"Quels_sont_les_potentiels_debouches_dans_le_secteur_de_la_communication\"><\/span>Quels sont les potentiels d\u00e9bouch\u00e9s dans le secteur de la communication ?<span class=\"ez-toc-section-end\"><\/span><\/h2>\n\n\n\n<p>La taille de l\u2019entreprise d\u00e9finit l\u2019exercice de la fonction du responsable de communication. Au sein d\u2019une petite structure, il permettra d\u2019\u00e9tablir une structure strat\u00e9gique pour l\u2019\u00e9quipe et les op\u00e9rations \u00e0 effectuer.&nbsp;&nbsp;<\/p>\n\n\n\n<p>Souvent, les responsabilit\u00e9s sont limit\u00e9es, de par le fait que la communication concerne plusieurs p\u00f4les et secteurs. En fonction des agences et des entreprises dans lesquelles vous travaillez, vous devez vous adapter aux employ\u00e9s qui y sont pr\u00e9sents, \u00e0 savoir les travailleurs ind\u00e9pendants ou associ\u00e9s par exemple.<\/p>\n","protected":false},"excerpt":{"rendered":"<p>Vous souhaitez exercer une profession dans le domaine de la communication et \u00eatre valoris\u00e9 sur le march\u00e9 du travail ? Plusieurs solutions diff\u00e9rentes peuvent s\u2019offrir \u00e0 vous. Quelles sont les t\u00e2ches \u00e0 effectuer et quel est le salaire que vous pouvez percevoir ? Formademia vous en dit plus.&nbsp; Sommaire En quoi consistent les m\u00e9tiers de [&hellip;]<\/p>\n","protected":false},"author":3,"featured_media":946,"comment_status":"open","ping_status":"open","sticky":false,"template":"","format":"standard","meta":[],"categories":[5],"tags":[],"acf":{"faq":{"7":{"question":"","answer":""},"10":{"question":"","answer":""},"13":{"question":"","answer":""},"16":{"question":"","answer":""},"5":{"question":"","answer":""},"6":{"question":"","answer":""},"8":{"question":"","answer":""},"9":{"question":"","answer":""},"11":{"question":"","answer":""},"12":{"question":"","answer":""},"14":{"question":"","answer":""},"15":{"question":"","answer":""}},"go_futher":{"1":"","2":"","3":"","4":"","5":"","6":"","7":"","8":"","9":"","10":""}},"yoast_head":"<!-- This site is optimized with the Yoast SEO plugin v18.6 - https:\/\/yoast.com\/wordpress\/plugins\/seo\/ -->\n<title>Communication : description, missions et salaire - Formademia<\/title>\n<meta name=\"description\" content=\"Si vous souhaitez exercer une activit\u00e9 professionnelle dans le secteur de la communication, vous pouvez suivre des formations adapt\u00e9es.\" \/>\n<meta name=\"robots\" content=\"index, follow, max-snippet:-1, max-image-preview:large, max-video-preview:-1\" \/>\n<link rel=\"canonical\" href=\"https:\/\/www.formademia.fr\/blog\/fiches-metiers\/communication\/\" \/>\n<meta property=\"og:type\" content=\"article\" \/>\n<meta property=\"og:title\" content=\"Communication : description, missions et salaire - Formademia\" \/>\n<meta property=\"og:description\" content=\"Si vous souhaitez exercer une activit\u00e9 professionnelle dans le secteur de la communication, vous pouvez suivre des formations adapt\u00e9es.\" \/>\n<meta property=\"og:url\" content=\"https:\/\/www.formademia.fr\/blog\/fiches-metiers\/communication\/\" \/>\n<meta property=\"og:site_name\" content=\"Formademia\" \/>\n<meta property=\"article:published_time\" content=\"2022-07-05T09:17:33+00:00\" \/>\n<meta property=\"article:modified_time\" content=\"2022-09-07T14:28:52+00:00\" \/>\n<meta property=\"og:image\" content=\"https:\/\/www.formademia.fr\/blog\/wp-content\/uploads\/2022\/07\/linkedin-sales-solutions-IjkIOe-2fF4-unsplash-3-scaled.jpg\" \/>\n\t<meta property=\"og:image:width\" content=\"2560\" \/>\n\t<meta property=\"og:image:height\" content=\"1707\" \/>\n\t<meta property=\"og:image:type\" content=\"image\/jpeg\" \/>\n<meta name=\"twitter:card\" content=\"summary_large_image\" \/>\n<meta name=\"twitter:label1\" content=\"Written by\" \/>\n\t<meta name=\"twitter:data1\" content=\"Camille Vidon\" \/>\n\t<meta name=\"twitter:label2\" content=\"Est. reading time\" \/>\n\t<meta name=\"twitter:data2\" content=\"6 minutes\" \/>\n<script type=\"application\/ld+json\" class=\"yoast-schema-graph\">{\"@context\":\"https:\/\/schema.org\",\"@graph\":[{\"@type\":\"WebSite\",\"@id\":\"https:\/\/www.formademia.fr\/blog\/#website\",\"url\":\"https:\/\/www.formademia.fr\/blog\/\",\"name\":\"Formademia\",\"description\":\"\",\"potentialAction\":[{\"@type\":\"SearchAction\",\"target\":{\"@type\":\"EntryPoint\",\"urlTemplate\":\"https:\/\/www.formademia.fr\/blog\/?s={search_term_string}\"},\"query-input\":\"required name=search_term_string\"}],\"inLanguage\":\"en-US\"},{\"@type\":\"ImageObject\",\"@id\":\"https:\/\/www.formademia.fr\/blog\/fiches-metiers\/communication\/#primaryimage\",\"inLanguage\":\"en-US\",\"url\":\"https:\/\/www.formademia.fr\/blog\/wp-content\/uploads\/2022\/07\/linkedin-sales-solutions-IjkIOe-2fF4-unsplash-3-scaled.jpg\",\"contentUrl\":\"https:\/\/www.formademia.fr\/blog\/wp-content\/uploads\/2022\/07\/linkedin-sales-solutions-IjkIOe-2fF4-unsplash-3-scaled.jpg\",\"width\":2560,\"height\":1707,\"caption\":\"Communication\"},{\"@type\":\"WebPage\",\"@id\":\"https:\/\/www.formademia.fr\/blog\/fiches-metiers\/communication\/#webpage\",\"url\":\"https:\/\/www.formademia.fr\/blog\/fiches-metiers\/communication\/\",\"name\":\"Communication : description, missions et salaire - Formademia\",\"isPartOf\":{\"@id\":\"https:\/\/www.formademia.fr\/blog\/#website\"},\"primaryImageOfPage\":{\"@id\":\"https:\/\/www.formademia.fr\/blog\/fiches-metiers\/communication\/#primaryimage\"},\"datePublished\":\"2022-07-05T09:17:33+00:00\",\"dateModified\":\"2022-09-07T14:28:52+00:00\",\"author\":{\"@id\":\"https:\/\/www.formademia.fr\/blog\/#\/schema\/person\/4143699a04acaacc21ab91ebb889d544\"},\"description\":\"Si vous souhaitez exercer une activit\u00e9 professionnelle dans le secteur de la communication, vous pouvez suivre des formations adapt\u00e9es.\",\"breadcrumb\":{\"@id\":\"https:\/\/www.formademia.fr\/blog\/fiches-metiers\/communication\/#breadcrumb\"},\"inLanguage\":\"en-US\",\"potentialAction\":[{\"@type\":\"ReadAction\",\"target\":[\"https:\/\/www.formademia.fr\/blog\/fiches-metiers\/communication\/\"]}]},{\"@type\":\"BreadcrumbList\",\"@id\":\"https:\/\/www.formademia.fr\/blog\/fiches-metiers\/communication\/#breadcrumb\",\"itemListElement\":[{\"@type\":\"ListItem\",\"position\":1,\"name\":\"Home\",\"item\":\"https:\/\/www.formademia.fr\/blog\/\"},{\"@type\":\"ListItem\",\"position\":2,\"name\":\"Communication : description, missions et salaire\"}]},{\"@type\":\"Person\",\"@id\":\"https:\/\/www.formademia.fr\/blog\/#\/schema\/person\/4143699a04acaacc21ab91ebb889d544\",\"name\":\"Camille Vidon\",\"image\":{\"@type\":\"ImageObject\",\"@id\":\"https:\/\/www.formademia.fr\/blog\/#personlogo\",\"inLanguage\":\"en-US\",\"url\":\"https:\/\/www.formademia.fr\/blog\/wp-content\/uploads\/letter-avatar\/b3dc06c4aaa8939d104eff0a7501459f.svg\",\"contentUrl\":\"https:\/\/www.formademia.fr\/blog\/wp-content\/uploads\/letter-avatar\/b3dc06c4aaa8939d104eff0a7501459f.svg\",\"caption\":\"Camille Vidon\"},\"url\":\"https:\/\/www.formademia.fr\/blog\/author\/camille_vidon\/\"}]}<\/script>\n<!-- \/ Yoast SEO plugin. -->","yoast_head_json":{"title":"Communication : description, missions et salaire - Formademia","description":"Si vous souhaitez exercer une activit\u00e9 professionnelle dans le secteur de la communication, vous pouvez suivre des formations adapt\u00e9es.","robots":{"index":"index","follow":"follow","max-snippet":"max-snippet:-1","max-image-preview":"max-image-preview:large","max-video-preview":"max-video-preview:-1"},"canonical":"https:\/\/www.formademia.fr\/blog\/fiches-metiers\/communication\/","og_type":"article","og_title":"Communication : description, missions et salaire - Formademia","og_description":"Si vous souhaitez exercer une activit\u00e9 professionnelle dans le secteur de la communication, vous pouvez suivre des formations adapt\u00e9es.","og_url":"https:\/\/www.formademia.fr\/blog\/fiches-metiers\/communication\/","og_site_name":"Formademia","article_published_time":"2022-07-05T09:17:33+00:00","article_modified_time":"2022-09-07T14:28:52+00:00","og_image":[{"width":2560,"height":1707,"url":"https:\/\/www.formademia.fr\/blog\/wp-content\/uploads\/2022\/07\/linkedin-sales-solutions-IjkIOe-2fF4-unsplash-3-scaled.jpg","type":"image\/jpeg"}],"twitter_card":"summary_large_image","twitter_misc":{"Written by":"Camille Vidon","Est. reading time":"6 minutes"},"schema":{"@context":"https:\/\/schema.org","@graph":[{"@type":"WebSite","@id":"https:\/\/www.formademia.fr\/blog\/#website","url":"https:\/\/www.formademia.fr\/blog\/","name":"Formademia","description":"","potentialAction":[{"@type":"SearchAction","target":{"@type":"EntryPoint","urlTemplate":"https:\/\/www.formademia.fr\/blog\/?s={search_term_string}"},"query-input":"required name=search_term_string"}],"inLanguage":"en-US"},{"@type":"ImageObject","@id":"https:\/\/www.formademia.fr\/blog\/fiches-metiers\/communication\/#primaryimage","inLanguage":"en-US","url":"https:\/\/www.formademia.fr\/blog\/wp-content\/uploads\/2022\/07\/linkedin-sales-solutions-IjkIOe-2fF4-unsplash-3-scaled.jpg","contentUrl":"https:\/\/www.formademia.fr\/blog\/wp-content\/uploads\/2022\/07\/linkedin-sales-solutions-IjkIOe-2fF4-unsplash-3-scaled.jpg","width":2560,"height":1707,"caption":"Communication"},{"@type":"WebPage","@id":"https:\/\/www.formademia.fr\/blog\/fiches-metiers\/communication\/#webpage","url":"https:\/\/www.formademia.fr\/blog\/fiches-metiers\/communication\/","name":"Communication : description, missions et salaire - Formademia","isPartOf":{"@id":"https:\/\/www.formademia.fr\/blog\/#website"},"primaryImageOfPage":{"@id":"https:\/\/www.formademia.fr\/blog\/fiches-metiers\/communication\/#primaryimage"},"datePublished":"2022-07-05T09:17:33+00:00","dateModified":"2022-09-07T14:28:52+00:00","author":{"@id":"https:\/\/www.formademia.fr\/blog\/#\/schema\/person\/4143699a04acaacc21ab91ebb889d544"},"description":"Si vous souhaitez exercer une activit\u00e9 professionnelle dans le secteur de la communication, vous pouvez suivre des formations adapt\u00e9es.","breadcrumb":{"@id":"https:\/\/www.formademia.fr\/blog\/fiches-metiers\/communication\/#breadcrumb"},"inLanguage":"en-US","potentialAction":[{"@type":"ReadAction","target":["https:\/\/www.formademia.fr\/blog\/fiches-metiers\/communication\/"]}]},{"@type":"BreadcrumbList","@id":"https:\/\/www.formademia.fr\/blog\/fiches-metiers\/communication\/#breadcrumb","itemListElement":[{"@type":"ListItem","position":1,"name":"Home","item":"https:\/\/www.formademia.fr\/blog\/"},{"@type":"ListItem","position":2,"name":"Communication : description, missions et salaire"}]},{"@type":"Person","@id":"https:\/\/www.formademia.fr\/blog\/#\/schema\/person\/4143699a04acaacc21ab91ebb889d544","name":"Camille Vidon","image":{"@type":"ImageObject","@id":"https:\/\/www.formademia.fr\/blog\/#personlogo","inLanguage":"en-US","url":"https:\/\/www.formademia.fr\/blog\/wp-content\/uploads\/letter-avatar\/b3dc06c4aaa8939d104eff0a7501459f.svg","contentUrl":"https:\/\/www.formademia.fr\/blog\/wp-content\/uploads\/letter-avatar\/b3dc06c4aaa8939d104eff0a7501459f.svg","caption":"Camille Vidon"},"url":"https:\/\/www.formademia.fr\/blog\/author\/camille_vidon\/"}]}},"_links":{"self":[{"href":"https:\/\/www.formademia.fr\/blog\/wp-json\/wp\/v2\/posts\/945"}],"collection":[{"href":"https:\/\/www.formademia.fr\/blog\/wp-json\/wp\/v2\/posts"}],"about":[{"href":"https:\/\/www.formademia.fr\/blog\/wp-json\/wp\/v2\/types\/post"}],"author":[{"embeddable":true,"href":"https:\/\/www.formademia.fr\/blog\/wp-json\/wp\/v2\/users\/3"}],"replies":[{"embeddable":true,"href":"https:\/\/www.formademia.fr\/blog\/wp-json\/wp\/v2\/comments?post=945"}],"version-history":[{"count":6,"href":"https:\/\/www.formademia.fr\/blog\/wp-json\/wp\/v2\/posts\/945\/revisions"}],"predecessor-version":[{"id":1439,"href":"https:\/\/www.formademia.fr\/blog\/wp-json\/wp\/v2\/posts\/945\/revisions\/1439"}],"wp:featuredmedia":[{"embeddable":true,"href":"https:\/\/www.formademia.fr\/blog\/wp-json\/wp\/v2\/media\/946"}],"wp:attachment":[{"href":"https:\/\/www.formademia.fr\/blog\/wp-json\/wp\/v2\/media?parent=945"}],"wp:term":[{"taxonomy":"category","embeddable":true,"href":"https:\/\/www.formademia.fr\/blog\/wp-json\/wp\/v2\/categories?post=945"},{"taxonomy":"post_tag","embeddable":true,"href":"https:\/\/www.formademia.fr\/blog\/wp-json\/wp\/v2\/tags?post=945"}],"curies":[{"name":"wp","href":"https:\/\/api.w.org\/{rel}","templated":true}]}}