{"id":923,"date":"2022-07-25T15:37:28","date_gmt":"2022-07-25T13:37:28","guid":{"rendered":"https:\/\/www.formademia.fr\/blog\/?p=923"},"modified":"2022-09-16T17:31:33","modified_gmt":"2022-09-16T15:31:33","slug":"chef-de-projet-digital","status":"publish","type":"post","link":"https:\/\/www.formademia.fr\/blog\/fiches-metiers\/digital\/chef-de-projet-digital\/","title":{"rendered":"Chef de Projet digital : tout savoir sur la profession"},"content":{"rendered":"\n<figure class=\"wp-block-image is-style-rounded\"><img src=\"https:\/\/lh3.googleusercontent.com\/G3-BE7K6XB3Rat0JwodhePut2yKiJ5juTRNzCD_uUWcpzTVHASWbooDMTwSP5FiQyu30FdXXZN5i8SLy30g1ukL-E-xEk89XvXtgvtIRWpETqDIkWFpk_0TjKMnr_2CT4hwGVA6D-uRUTCquOy0\" alt=\"\"\/><\/figure>\n\n\n\n<p><strong>Le m\u00e9tier de Chef de projet Digital consiste \u00e0 coordonner les op\u00e9rations strat\u00e9giques de marketing num\u00e9rique, dans l\u2019objectif de participer \u00e0 la transformation innovante de l\u2019entreprise. Quelles sont les d\u00e9marches pour exercer cette profession ? Quelles sont les comp\u00e9tences requises ? Formademia vous en dit plus.&nbsp;<\/strong><\/p>\n\n\n\n<hr class=\"wp-block-separator\"\/>\n\n\n\n<div id=\"ez-toc-container\" class=\"ez-toc-v2_0_19 counter-hierarchy ez-toc-grey\">\n<div class=\"ez-toc-title-container\">\n<p class=\"ez-toc-title\">Sommaire<\/p>\n<span class=\"ez-toc-title-toggle\"><\/span><\/div>\n<nav><ul class=\"ez-toc-list ez-toc-list-level-1\"><li class=\"ez-toc-page-1 ez-toc-heading-level-2\"><a class=\"ez-toc-link ez-toc-heading-1\" href=\"https:\/\/www.formademia.fr\/blog\/fiches-metiers\/digital\/chef-de-projet-digital\/#En_quoi_consiste_le_metier_de_Chef_de_projet_digital\" title=\"En quoi consiste le m\u00e9tier de Chef de projet digital ?\">En quoi consiste le m\u00e9tier de Chef de projet digital ?<\/a><ul class=\"ez-toc-list-level-3\"><li class=\"ez-toc-heading-level-3\"><a class=\"ez-toc-link ez-toc-heading-2\" href=\"https:\/\/www.formademia.fr\/blog\/fiches-metiers\/digital\/chef-de-projet-digital\/#Lactivite_principale_du_Chef_de_Projet_digital\" title=\"L\u2019activit\u00e9 principale du Chef de Projet digital&nbsp;\">L\u2019activit\u00e9 principale du Chef de Projet digital&nbsp;<\/a><\/li><li class=\"ez-toc-page-1 ez-toc-heading-level-3\"><a class=\"ez-toc-link ez-toc-heading-3\" href=\"https:\/\/www.formademia.fr\/blog\/fiches-metiers\/digital\/chef-de-projet-digital\/#Les_missions_accordees\" title=\"Les missions accord\u00e9es \">Les missions accord\u00e9es <\/a><\/li><li class=\"ez-toc-page-1 ez-toc-heading-level-3\"><a class=\"ez-toc-link ez-toc-heading-4\" href=\"https:\/\/www.formademia.fr\/blog\/fiches-metiers\/digital\/chef-de-projet-digital\/#Les_competences_requises\" title=\"Les comp\u00e9tences requises&nbsp;\">Les comp\u00e9tences requises&nbsp;<\/a><\/li><\/ul><\/li><li class=\"ez-toc-page-1 ez-toc-heading-level-2\"><a class=\"ez-toc-link ez-toc-heading-5\" href=\"https:\/\/www.formademia.fr\/blog\/fiches-metiers\/digital\/chef-de-projet-digital\/#Quel_est_la_remuneration_dun_Chef_de_Projet_digital\" title=\"Quel est la r\u00e9mun\u00e9ration d\u2019un Chef de Projet digital ?\">Quel est la r\u00e9mun\u00e9ration d\u2019un Chef de Projet digital ?<\/a><\/li><li class=\"ez-toc-page-1 ez-toc-heading-level-2\"><a class=\"ez-toc-link ez-toc-heading-6\" href=\"https:\/\/www.formademia.fr\/blog\/fiches-metiers\/digital\/chef-de-projet-digital\/#Quelles_sont_les_formations_pour_travailler_dans_le_digital\" title=\"Quelles sont les formations pour travailler dans le digital?\">Quelles sont les formations pour travailler dans le digital?<\/a><ul class=\"ez-toc-list-level-3\"><li class=\"ez-toc-heading-level-3\"><a class=\"ez-toc-link ez-toc-heading-7\" href=\"https:\/\/www.formademia.fr\/blog\/fiches-metiers\/digital\/chef-de-projet-digital\/#Formations_professionnelles\" title=\"Formations professionnelles&nbsp;\">Formations professionnelles&nbsp;<\/a><\/li><li class=\"ez-toc-page-1 ez-toc-heading-level-3\"><a class=\"ez-toc-link ez-toc-heading-8\" href=\"https:\/\/www.formademia.fr\/blog\/fiches-metiers\/digital\/chef-de-projet-digital\/#Les_financements_a_la_formation\" title=\"Les financements \u00e0 la formation &nbsp;\">Les financements \u00e0 la formation &nbsp;<\/a><\/li><\/ul><\/li><\/ul><\/nav><\/div>\n<h2><span class=\"ez-toc-section\" id=\"En_quoi_consiste_le_metier_de_Chef_de_projet_digital\"><\/span>En quoi consiste le m\u00e9tier de Chef de projet digital ?<span class=\"ez-toc-section-end\"><\/span><\/h2>\n\n\n\n<p>Parmi les op\u00e9rations strat\u00e9giques d\u2019une entreprise, le chef de projet digital joue un r\u00f4le essentiel. Son objectif est de faire d\u00e9velopper l\u2019activit\u00e9 du <a href=\"https:\/\/www.formademia.fr\/blog\/formations\/digital\/\"><strong>digital<\/strong><\/a> sur le long terme et en s\u2019adaptant aux tendances soci\u00e9tales.&nbsp;<\/p>\n\n\n\n<h3><span class=\"ez-toc-section\" id=\"Lactivite_principale_du_Chef_de_Projet_digital\"><\/span>L\u2019activit\u00e9 principale du Chef de Projet digital&nbsp;<span class=\"ez-toc-section-end\"><\/span><\/h3>\n\n\n\n<div class=\"wp-block-image\"><figure class=\"alignright size-large is-resized\"><img loading=\"lazy\" src=\"https:\/\/www.formademia.fr\/blog\/wp-content\/uploads\/2022\/07\/adeolu-eletu-unRkg2jH1j0-unsplash-3-1024x678.jpg\" alt=\"\" class=\"wp-image-1255\" width=\"408\" height=\"270\" srcset=\"https:\/\/www.formademia.fr\/blog\/wp-content\/uploads\/2022\/07\/adeolu-eletu-unRkg2jH1j0-unsplash-3-1024x678.jpg 1024w, https:\/\/www.formademia.fr\/blog\/wp-content\/uploads\/2022\/07\/adeolu-eletu-unRkg2jH1j0-unsplash-3-300x199.jpg 300w, https:\/\/www.formademia.fr\/blog\/wp-content\/uploads\/2022\/07\/adeolu-eletu-unRkg2jH1j0-unsplash-3-768x509.jpg 768w, https:\/\/www.formademia.fr\/blog\/wp-content\/uploads\/2022\/07\/adeolu-eletu-unRkg2jH1j0-unsplash-3-1536x1017.jpg 1536w, https:\/\/www.formademia.fr\/blog\/wp-content\/uploads\/2022\/07\/adeolu-eletu-unRkg2jH1j0-unsplash-3-2048x1356.jpg 2048w, https:\/\/www.formademia.fr\/blog\/wp-content\/uploads\/2022\/07\/adeolu-eletu-unRkg2jH1j0-unsplash-3-600x397.jpg 600w\" sizes=\"(max-width: 408px) 100vw, 408px\" \/><\/figure><\/div>\n\n\n\n<p>Sous la direction du responsable technique et marketing, le Chef de Projet Digital m\u00e8ne une \u00e9quipe pour mener \u00e0 bien un projet. Cela prend en compte des d\u00e9veloppeurs, des graphistes, des webmasters, des r\u00e9dacteurs.&nbsp;<\/p>\n\n\n\n<p>Son r\u00f4le n\u00e9cessite une forte capacit\u00e9 cr\u00e9ative et doit proposer des id\u00e9es innovantes et efficaces sur le long terme. L\u2019objectif est de r\u00e9soudre les probl\u00e9matiques rencontr\u00e9es par l\u2019entreprise, au travers d\u2019une analyse de la soci\u00e9t\u00e9 et des autres cibles marketing.&nbsp;<\/p>\n\n\n\n<p>Si le chef de projet digital est inclus au sein du service de communication, alors il collabore directement avec des \u00e9quipes en externe. Cette collaboration d\u00e9pend de la nature du projet, mais \u00e9galement du prestataire de service, d\u2019h\u00e9bergement, de cr\u00e9ation de contenu, et enfin du webdesign ou du r\u00e9f\u00e9rencement.&nbsp;<\/p>\n\n\n\n<h3><span class=\"ez-toc-section\" id=\"Les_missions_accordees\"><\/span>Les missions accord\u00e9es <span class=\"ez-toc-section-end\"><\/span><\/h3>\n\n\n\n<p>Diverses missions peuvent \u00eatre d\u00e9finies dans le cadre de la profession du chef de projet digital. Dirigeant d\u2019un projet, il modernise essentiellement les outils de <a href=\"https:\/\/www.formademia.fr\/blog\/fiches-metiers\/communication\/\"><strong>communication<\/strong><\/a> et de <a href=\"https:\/\/www.formademia.fr\/blog\/fiches-metiers\/marketing\/\"><strong>marketing<\/strong><\/a>, au travers de diff\u00e9rentes actions. Cela concerne :&nbsp;<\/p>\n\n\n\n<p>La gestion de projet : il s\u2019agit l\u00e0 de conna\u00eetre les milieux concern\u00e9s par le projet.&nbsp;&nbsp;<\/p>\n\n\n\n<ul><li>Nouvelles m\u00e9thodes de productivit\u00e9 et collaboration num\u00e9rique&nbsp;<\/li><li>Connaissance des risques et des cons\u00e9quences&nbsp;<\/li><li>D\u00e9veloppement des actions en ligne, via les r\u00e9seaux sociaux, applications, etc.&nbsp;<\/li><li>Prise en charge du service client<\/li><\/ul>\n\n\n\n<p>Ainsi, un chef de projet digital maitrise les disciplines du web et dispose de notions techniques. Il supervise \u00e9galement les missions de chaque employ\u00e9, pr\u00e9sent dans l\u2019\u00e9quipe. Ses connaissances dans la gestion de projet lui permettent de conna\u00eetre toutes les \u00e9tapes d\u2019un projet.&nbsp;<\/p>\n\n\n\n<p>La mise en place des appels d&#8217;offres : pour ce faire, le CDP doit pouvoir fixer des objectifs et \u00e9tablir un cahier des charges.&nbsp;<\/p>\n\n\n\n<ul><li>Connaissance des cibles marketing&nbsp;<\/li><li>\u00c9locution ad\u00e9quate et professionnelle pour convaincre les sup\u00e9rieurs et prestataires externes&nbsp;<\/li><li>\u00c9tablir une identification de tous les participants internes et externes \u00e0 la mise en place du projet<\/li><\/ul>\n\n\n\n<p>Avec un cahier des charges, le Chef de Projet digital est responsable d\u2019un cahier de charges, qui permet de r\u00e9diger, structurer et mod\u00e9liser le projet pr\u00e9vu. Son travail est ax\u00e9 sur l&#8217;organisation des diff\u00e9rentes \u00e9tapes de la participation des acteurs. Le CDP peut \u00e9galement se charger du choix des prestations de service, dans l\u2019objectif d\u2019optimiser les contraintes du march\u00e9. Le CDP est charg\u00e9 de suivre cet appel en \u00e9tudiant les diff\u00e9rentes propositions avec des r\u00e9sultats strat\u00e9giques.<\/p>\n\n\n\n<p>Cette profession consiste principalement \u00e0 piloter une \u00e9quipe dans le cadre du projet. Il assume \u00e9galement des t\u00e2ches administratives et manag\u00e9riales, telles que la r\u00e9union, l\u2019animation et le suivi des actions et des intervenants. Il travaille en collaboration avec son \u00e9quipe. Vous pouvez cr\u00e9er une structure hi\u00e9rarchique dans votre projet.<\/p>\n\n\n\n<p>Le chef de projet digital ne se termine pas \u00e0 la r\u00e9alisation du projet, mais s\u2019\u00e9tablit sur les objectifs marketing avant sa mise en place. Cela concerne l\u2019\u00e9valuation des frais de fonctionnement, les strat\u00e9gies de r\u00e9f\u00e9rencement et le maintien permanent.<\/p>\n\n\n\n<h3><span class=\"ez-toc-section\" id=\"Les_competences_requises\"><\/span>Les comp\u00e9tences requises&nbsp;<span class=\"ez-toc-section-end\"><\/span><\/h3>\n\n\n\n<p>Si vous souhaitez obtenir le poste de Chef de Projet digital, vous serez principalement \u00e9valu\u00e9 sur vos capacit\u00e9s de pilotage d\u2019\u00e9quipe. Ces comp\u00e9tences seront essentielles pour renforcer la coh\u00e9sion d\u2019\u00e9quipe et motiver les participants du projet. En parall\u00e8le, il est \u00e9galement essentiel de faire preuve de cr\u00e9ativit\u00e9 et de personnalisation \u00e0 sa vision.&nbsp;<\/p>\n\n\n\n<p>Pour incorporer toutes les disciplines dans son travail, il peut prendre en consid\u00e9ration l\u2019informatique, le marketing et les nouvelles technologies. Son objectif est de mettre en application la r\u00e9daction d\u2019un cahier de charges pour la conduite du projet. Une telle comp\u00e9tence peut \u00eatre effectu\u00e9e par l\u2019exp\u00e9rience professionnelle ou la formation.&nbsp;<\/p>\n\n\n\n<h2><span class=\"ez-toc-section\" id=\"Quel_est_la_remuneration_dun_Chef_de_Projet_digital\"><\/span>Quel est la r\u00e9mun\u00e9ration d\u2019un Chef de Projet digital ?<span class=\"ez-toc-section-end\"><\/span><\/h2>\n\n\n\n<p>En tant que Chef de Projet digital, un salaire peut vous \u00eatre octroy\u00e9. Il varie en fonction de la taille de l&#8217;entreprise et du projet auquel vous \u00eates assign\u00e9. Pour un chef de projet web d\u00e9butant, le montant est compris entre 32.000 \u20ac&nbsp;et 36.000 \u20ac bruts \u00e0 l\u2019ann\u00e9e, en d\u00e9but de carri\u00e8re.&nbsp;<\/p>\n\n\n\n<p>Avec 2 \u00e0 5 ans d\u2019exp\u00e9rience, il pourra \u00e9galement viser un montant allant jusqu\u2019\u00e0 42.000 \u20ac, tandis qu\u2019un profil s\u00e9nior avec 5 \u00e0 15 ans d\u2019exp\u00e9riences, peut b\u00e9n\u00e9ficier d\u2019un salaire compris entre 40.000 \u20ac et 60.000 \u20ac.<\/p>\n\n\n\n<h2><span class=\"ez-toc-section\" id=\"Quelles_sont_les_formations_pour_travailler_dans_le_digital\"><\/span>Quelles sont les formations pour travailler dans le digital?<span class=\"ez-toc-section-end\"><\/span><\/h2>\n\n\n\n<div class=\"wp-block-image\"><figure class=\"alignleft size-large is-resized\"><img loading=\"lazy\" src=\"https:\/\/www.formademia.fr\/blog\/wp-content\/uploads\/2022\/07\/nordwood-themes-yyMJNPgQ-X8-unsplash-1024x683.jpg\" alt=\"\" class=\"wp-image-1254\" width=\"415\" height=\"277\" srcset=\"https:\/\/www.formademia.fr\/blog\/wp-content\/uploads\/2022\/07\/nordwood-themes-yyMJNPgQ-X8-unsplash-1024x683.jpg 1024w, https:\/\/www.formademia.fr\/blog\/wp-content\/uploads\/2022\/07\/nordwood-themes-yyMJNPgQ-X8-unsplash-300x200.jpg 300w, https:\/\/www.formademia.fr\/blog\/wp-content\/uploads\/2022\/07\/nordwood-themes-yyMJNPgQ-X8-unsplash-768x512.jpg 768w, https:\/\/www.formademia.fr\/blog\/wp-content\/uploads\/2022\/07\/nordwood-themes-yyMJNPgQ-X8-unsplash-1536x1024.jpg 1536w, https:\/\/www.formademia.fr\/blog\/wp-content\/uploads\/2022\/07\/nordwood-themes-yyMJNPgQ-X8-unsplash-2048x1365.jpg 2048w, https:\/\/www.formademia.fr\/blog\/wp-content\/uploads\/2022\/07\/nordwood-themes-yyMJNPgQ-X8-unsplash-600x400.jpg 600w\" sizes=\"(max-width: 415px) 100vw, 415px\" \/><\/figure><\/div>\n\n\n\n<p>Si vous souhaitez exercer une activit\u00e9 dans le domaine du digital, vous pouvez suivre une formation universitaire dans le secteur du Web et de l\u2019informatique.<\/p>\n\n\n\n<h3><span class=\"ez-toc-section\" id=\"Formations_professionnelles\"><\/span>Formations professionnelles&nbsp;<span class=\"ez-toc-section-end\"><\/span><\/h3>\n\n\n\n<p>Cette formation permet de ma\u00eetriser les comp\u00e9tences et les mati\u00e8res techniques, de sorte \u00e0 \u00e9voluer en tant que Chef de Projet digital. \u00c0 la suite d\u2019un dipl\u00f4me de licence ou de master, il peut se sp\u00e9cialiser dans le management digital, avec l\u2019aide d\u2019une formation certifi\u00e9e par l\u2019\u00c9tat.&nbsp;<\/p>\n\n\n\n<p>Dans le cas contraire, il est aussi possible d\u2019obtenir un certificat en commerce ou en marketing, afin de se former au monde de la digitalisation.&nbsp;<\/p>\n\n\n\n<p><div class='shortcode check'><div class='content'>Qu\u2019il s\u2019agisse de formations initiales ou professionnelles, il vous est possible de contacter des organismes diff\u00e9rents. Selon vos recherches et votre situation personnelle, vous pouvez vous adresser aux s\u00e9ances d\u2019apprentissage adapt\u00e9es.<\/div><\/div>&nbsp;Pour trouver la formation qui vous correspond, vous pouvez suivre notre article : <a href=\"https:\/\/www.formademia.fr\/blog\/formations\/trouver-ma-formation\/\"><strong>Comment trouver ma formation professionnelle ? <\/strong><\/a><\/p>\n\n\n\n<h3><span class=\"ez-toc-section\" id=\"Les_financements_a_la_formation\"><\/span>Les financements \u00e0 la formation &nbsp;<span class=\"ez-toc-section-end\"><\/span><\/h3>\n\n\n\n<p>Dans l\u2019objectif de couvrir vos co\u00fbts de formation au Chef de Projet digital, le Gouvernement \u00e9tablit un certain nombre d\u2019aides financi\u00e8res. Elles s\u2019adaptent \u00e0 la situation personnelle et aux besoins des personnes concern\u00e9es.&nbsp;<\/p>\n\n\n\n<p>Si vous souhaitez vous lancer dans une activit\u00e9 professionnelle dans le secteur du digital, vous pouvez cr\u00e9er un compte personnel de formation (CPF). Avec ce dispositif, vous pouvez envoyer tous les renseignements li\u00e9s \u00e0 votre profil, pour b\u00e9n\u00e9ficier de ces solutions de financements \u00e0 la formation. Diff\u00e9rentes aides sont transmises, que vous suiviez une formation professionnelle ou initiale.&nbsp;<\/p>\n\n\n\n<p>Le Fonds d\u2019Assurance \u00e0 la Formation (FAF) est un dispositif \u00e9galement ad\u00e9quat pour financer votre formation en tant que chef de projet digital. Elle s\u2019adapte \u00e9galement au domaine d\u2019activit\u00e9 professionnel dans lequel vous exercez.&nbsp;<\/p>\n\n\n\n<div class='shortcode disclaimer'><div class='title'>Attention<\/div><div class='content'>Il est indispensable que la formation suivie puisse \u00eatre \u00e9ligible \u00e0 ces dispositifs d\u2019aides.<\/div><\/div>\n\n\n\n<p>Vous pouvez \u00e9galement vous adresser directement aupr\u00e8s des organismes, tels que les Op\u00e9rateurs de comp\u00e9tences (OPCO), charg\u00e9s de vous accompagner dans vos d\u00e9marches.&nbsp;<\/p>\n","protected":false},"excerpt":{"rendered":"<p>Le m\u00e9tier de Chef de projet Digital consiste \u00e0 coordonner les op\u00e9rations strat\u00e9giques de marketing num\u00e9rique, dans l\u2019objectif de participer \u00e0 la transformation innovante de l\u2019entreprise. Quelles sont les d\u00e9marches pour exercer cette profession ? Quelles sont les comp\u00e9tences requises ? Formademia vous en dit plus.&nbsp; Sommaire En quoi consiste le m\u00e9tier de Chef de [&hellip;]<\/p>\n","protected":false},"author":3,"featured_media":926,"comment_status":"open","ping_status":"open","sticky":false,"template":"","format":"standard","meta":[],"categories":[12],"tags":[],"acf":{"faq":{"7":{"question":"","answer":""},"10":{"question":"","answer":""},"13":{"question":"","answer":""},"16":{"question":"","answer":""},"5":{"question":"","answer":""},"6":{"question":"","answer":""},"8":{"question":"","answer":""},"9":{"question":"","answer":""},"11":{"question":"","answer":""},"12":{"question":"","answer":""},"14":{"question":"","answer":""},"15":{"question":"","answer":""}},"go_futher":{"1":"","2":"","3":"","4":"","5":"","6":"","7":"","8":"","9":"","10":""}},"yoast_head":"<!-- This site is optimized with the Yoast SEO plugin v18.6 - https:\/\/yoast.com\/wordpress\/plugins\/seo\/ -->\n<title>Chef de Projet digital : tout savoir sur la profession - Formademia<\/title>\n<meta name=\"description\" content=\"Si vous souhaitez exercer une activit\u00e9 dans le domaine du digital, il vous est possible de travailler en tant que Chef de Projet Digital.\" \/>\n<meta name=\"robots\" content=\"index, follow, max-snippet:-1, max-image-preview:large, max-video-preview:-1\" \/>\n<link rel=\"canonical\" href=\"https:\/\/www.formademia.fr\/blog\/fiches-metiers\/digital\/chef-de-projet-digital\/\" \/>\n<meta property=\"og:type\" content=\"article\" \/>\n<meta property=\"og:title\" content=\"Chef de Projet digital : tout savoir sur la profession - Formademia\" \/>\n<meta property=\"og:description\" content=\"Si vous souhaitez exercer une activit\u00e9 dans le domaine du digital, il vous est possible de travailler en tant que Chef de Projet Digital.\" \/>\n<meta property=\"og:url\" content=\"https:\/\/www.formademia.fr\/blog\/fiches-metiers\/digital\/chef-de-projet-digital\/\" \/>\n<meta property=\"og:site_name\" content=\"Formademia\" \/>\n<meta property=\"article:published_time\" content=\"2022-07-25T13:37:28+00:00\" \/>\n<meta property=\"article:modified_time\" content=\"2022-09-16T15:31:33+00:00\" \/>\n<meta property=\"og:image\" content=\"https:\/\/www.formademia.fr\/blog\/wp-content\/uploads\/2022\/07\/john-schnobrich-FlPc9_VocJ4-unsplash-3-scaled.jpg\" \/>\n\t<meta property=\"og:image:width\" content=\"2560\" \/>\n\t<meta property=\"og:image:height\" content=\"1707\" \/>\n\t<meta property=\"og:image:type\" content=\"image\/jpeg\" \/>\n<meta name=\"twitter:card\" content=\"summary_large_image\" \/>\n<meta name=\"twitter:label1\" content=\"Written by\" \/>\n\t<meta name=\"twitter:data1\" content=\"Camille Vidon\" \/>\n\t<meta name=\"twitter:label2\" content=\"Est. reading time\" \/>\n\t<meta name=\"twitter:data2\" content=\"6 minutes\" \/>\n<script type=\"application\/ld+json\" class=\"yoast-schema-graph\">{\"@context\":\"https:\/\/schema.org\",\"@graph\":[{\"@type\":\"WebSite\",\"@id\":\"https:\/\/www.formademia.fr\/blog\/#website\",\"url\":\"https:\/\/www.formademia.fr\/blog\/\",\"name\":\"Formademia\",\"description\":\"\",\"potentialAction\":[{\"@type\":\"SearchAction\",\"target\":{\"@type\":\"EntryPoint\",\"urlTemplate\":\"https:\/\/www.formademia.fr\/blog\/?s={search_term_string}\"},\"query-input\":\"required name=search_term_string\"}],\"inLanguage\":\"en-US\"},{\"@type\":\"ImageObject\",\"@id\":\"https:\/\/www.formademia.fr\/blog\/fiches-metiers\/digital\/chef-de-projet-digital\/#primaryimage\",\"inLanguage\":\"en-US\",\"url\":\"https:\/\/www.formademia.fr\/blog\/wp-content\/uploads\/2022\/07\/john-schnobrich-FlPc9_VocJ4-unsplash-3-scaled.jpg\",\"contentUrl\":\"https:\/\/www.formademia.fr\/blog\/wp-content\/uploads\/2022\/07\/john-schnobrich-FlPc9_VocJ4-unsplash-3-scaled.jpg\",\"width\":2560,\"height\":1707,\"caption\":\"Chef de Projet Digital\"},{\"@type\":\"WebPage\",\"@id\":\"https:\/\/www.formademia.fr\/blog\/fiches-metiers\/digital\/chef-de-projet-digital\/#webpage\",\"url\":\"https:\/\/www.formademia.fr\/blog\/fiches-metiers\/digital\/chef-de-projet-digital\/\",\"name\":\"Chef de Projet digital : tout savoir sur la profession - Formademia\",\"isPartOf\":{\"@id\":\"https:\/\/www.formademia.fr\/blog\/#website\"},\"primaryImageOfPage\":{\"@id\":\"https:\/\/www.formademia.fr\/blog\/fiches-metiers\/digital\/chef-de-projet-digital\/#primaryimage\"},\"datePublished\":\"2022-07-25T13:37:28+00:00\",\"dateModified\":\"2022-09-16T15:31:33+00:00\",\"author\":{\"@id\":\"https:\/\/www.formademia.fr\/blog\/#\/schema\/person\/4143699a04acaacc21ab91ebb889d544\"},\"description\":\"Si vous souhaitez exercer une activit\u00e9 dans le domaine du digital, il vous est possible de travailler en tant que Chef de Projet Digital.\",\"breadcrumb\":{\"@id\":\"https:\/\/www.formademia.fr\/blog\/fiches-metiers\/digital\/chef-de-projet-digital\/#breadcrumb\"},\"inLanguage\":\"en-US\",\"potentialAction\":[{\"@type\":\"ReadAction\",\"target\":[\"https:\/\/www.formademia.fr\/blog\/fiches-metiers\/digital\/chef-de-projet-digital\/\"]}]},{\"@type\":\"BreadcrumbList\",\"@id\":\"https:\/\/www.formademia.fr\/blog\/fiches-metiers\/digital\/chef-de-projet-digital\/#breadcrumb\",\"itemListElement\":[{\"@type\":\"ListItem\",\"position\":1,\"name\":\"Home\",\"item\":\"https:\/\/www.formademia.fr\/blog\/\"},{\"@type\":\"ListItem\",\"position\":2,\"name\":\"Chef de Projet digital : tout savoir sur la profession\"}]},{\"@type\":\"Person\",\"@id\":\"https:\/\/www.formademia.fr\/blog\/#\/schema\/person\/4143699a04acaacc21ab91ebb889d544\",\"name\":\"Camille Vidon\",\"image\":{\"@type\":\"ImageObject\",\"@id\":\"https:\/\/www.formademia.fr\/blog\/#personlogo\",\"inLanguage\":\"en-US\",\"url\":\"https:\/\/www.formademia.fr\/blog\/wp-content\/uploads\/letter-avatar\/b3dc06c4aaa8939d104eff0a7501459f.svg\",\"contentUrl\":\"https:\/\/www.formademia.fr\/blog\/wp-content\/uploads\/letter-avatar\/b3dc06c4aaa8939d104eff0a7501459f.svg\",\"caption\":\"Camille Vidon\"},\"url\":\"https:\/\/www.formademia.fr\/blog\/author\/camille_vidon\/\"}]}<\/script>\n<!-- \/ Yoast SEO plugin. -->","yoast_head_json":{"title":"Chef de Projet digital : tout savoir sur la profession - Formademia","description":"Si vous souhaitez exercer une activit\u00e9 dans le domaine du digital, il vous est possible de travailler en tant que Chef de Projet Digital.","robots":{"index":"index","follow":"follow","max-snippet":"max-snippet:-1","max-image-preview":"max-image-preview:large","max-video-preview":"max-video-preview:-1"},"canonical":"https:\/\/www.formademia.fr\/blog\/fiches-metiers\/digital\/chef-de-projet-digital\/","og_type":"article","og_title":"Chef de Projet digital : tout savoir sur la profession - Formademia","og_description":"Si vous souhaitez exercer une activit\u00e9 dans le domaine du digital, il vous est possible de travailler en tant que Chef de Projet Digital.","og_url":"https:\/\/www.formademia.fr\/blog\/fiches-metiers\/digital\/chef-de-projet-digital\/","og_site_name":"Formademia","article_published_time":"2022-07-25T13:37:28+00:00","article_modified_time":"2022-09-16T15:31:33+00:00","og_image":[{"width":2560,"height":1707,"url":"https:\/\/www.formademia.fr\/blog\/wp-content\/uploads\/2022\/07\/john-schnobrich-FlPc9_VocJ4-unsplash-3-scaled.jpg","type":"image\/jpeg"}],"twitter_card":"summary_large_image","twitter_misc":{"Written by":"Camille Vidon","Est. reading time":"6 minutes"},"schema":{"@context":"https:\/\/schema.org","@graph":[{"@type":"WebSite","@id":"https:\/\/www.formademia.fr\/blog\/#website","url":"https:\/\/www.formademia.fr\/blog\/","name":"Formademia","description":"","potentialAction":[{"@type":"SearchAction","target":{"@type":"EntryPoint","urlTemplate":"https:\/\/www.formademia.fr\/blog\/?s={search_term_string}"},"query-input":"required name=search_term_string"}],"inLanguage":"en-US"},{"@type":"ImageObject","@id":"https:\/\/www.formademia.fr\/blog\/fiches-metiers\/digital\/chef-de-projet-digital\/#primaryimage","inLanguage":"en-US","url":"https:\/\/www.formademia.fr\/blog\/wp-content\/uploads\/2022\/07\/john-schnobrich-FlPc9_VocJ4-unsplash-3-scaled.jpg","contentUrl":"https:\/\/www.formademia.fr\/blog\/wp-content\/uploads\/2022\/07\/john-schnobrich-FlPc9_VocJ4-unsplash-3-scaled.jpg","width":2560,"height":1707,"caption":"Chef de Projet Digital"},{"@type":"WebPage","@id":"https:\/\/www.formademia.fr\/blog\/fiches-metiers\/digital\/chef-de-projet-digital\/#webpage","url":"https:\/\/www.formademia.fr\/blog\/fiches-metiers\/digital\/chef-de-projet-digital\/","name":"Chef de Projet digital : tout savoir sur la profession - Formademia","isPartOf":{"@id":"https:\/\/www.formademia.fr\/blog\/#website"},"primaryImageOfPage":{"@id":"https:\/\/www.formademia.fr\/blog\/fiches-metiers\/digital\/chef-de-projet-digital\/#primaryimage"},"datePublished":"2022-07-25T13:37:28+00:00","dateModified":"2022-09-16T15:31:33+00:00","author":{"@id":"https:\/\/www.formademia.fr\/blog\/#\/schema\/person\/4143699a04acaacc21ab91ebb889d544"},"description":"Si vous souhaitez exercer une activit\u00e9 dans le domaine du digital, il vous est possible de travailler en tant que Chef de Projet Digital.","breadcrumb":{"@id":"https:\/\/www.formademia.fr\/blog\/fiches-metiers\/digital\/chef-de-projet-digital\/#breadcrumb"},"inLanguage":"en-US","potentialAction":[{"@type":"ReadAction","target":["https:\/\/www.formademia.fr\/blog\/fiches-metiers\/digital\/chef-de-projet-digital\/"]}]},{"@type":"BreadcrumbList","@id":"https:\/\/www.formademia.fr\/blog\/fiches-metiers\/digital\/chef-de-projet-digital\/#breadcrumb","itemListElement":[{"@type":"ListItem","position":1,"name":"Home","item":"https:\/\/www.formademia.fr\/blog\/"},{"@type":"ListItem","position":2,"name":"Chef de Projet digital : tout savoir sur la profession"}]},{"@type":"Person","@id":"https:\/\/www.formademia.fr\/blog\/#\/schema\/person\/4143699a04acaacc21ab91ebb889d544","name":"Camille Vidon","image":{"@type":"ImageObject","@id":"https:\/\/www.formademia.fr\/blog\/#personlogo","inLanguage":"en-US","url":"https:\/\/www.formademia.fr\/blog\/wp-content\/uploads\/letter-avatar\/b3dc06c4aaa8939d104eff0a7501459f.svg","contentUrl":"https:\/\/www.formademia.fr\/blog\/wp-content\/uploads\/letter-avatar\/b3dc06c4aaa8939d104eff0a7501459f.svg","caption":"Camille Vidon"},"url":"https:\/\/www.formademia.fr\/blog\/author\/camille_vidon\/"}]}},"_links":{"self":[{"href":"https:\/\/www.formademia.fr\/blog\/wp-json\/wp\/v2\/posts\/923"}],"collection":[{"href":"https:\/\/www.formademia.fr\/blog\/wp-json\/wp\/v2\/posts"}],"about":[{"href":"https:\/\/www.formademia.fr\/blog\/wp-json\/wp\/v2\/types\/post"}],"author":[{"embeddable":true,"href":"https:\/\/www.formademia.fr\/blog\/wp-json\/wp\/v2\/users\/3"}],"replies":[{"embeddable":true,"href":"https:\/\/www.formademia.fr\/blog\/wp-json\/wp\/v2\/comments?post=923"}],"version-history":[{"count":9,"href":"https:\/\/www.formademia.fr\/blog\/wp-json\/wp\/v2\/posts\/923\/revisions"}],"predecessor-version":[{"id":1565,"href":"https:\/\/www.formademia.fr\/blog\/wp-json\/wp\/v2\/posts\/923\/revisions\/1565"}],"wp:featuredmedia":[{"embeddable":true,"href":"https:\/\/www.formademia.fr\/blog\/wp-json\/wp\/v2\/media\/926"}],"wp:attachment":[{"href":"https:\/\/www.formademia.fr\/blog\/wp-json\/wp\/v2\/media?parent=923"}],"wp:term":[{"taxonomy":"category","embeddable":true,"href":"https:\/\/www.formademia.fr\/blog\/wp-json\/wp\/v2\/categories?post=923"},{"taxonomy":"post_tag","embeddable":true,"href":"https:\/\/www.formademia.fr\/blog\/wp-json\/wp\/v2\/tags?post=923"}],"curies":[{"name":"wp","href":"https:\/\/api.w.org\/{rel}","templated":true}]}}