{"id":863,"date":"2022-07-25T15:44:43","date_gmt":"2022-07-25T13:44:43","guid":{"rendered":"https:\/\/www.formademia.fr\/blog\/?p=863"},"modified":"2022-09-16T17:29:06","modified_gmt":"2022-09-16T15:29:06","slug":"digital","status":"publish","type":"post","link":"https:\/\/www.formademia.fr\/blog\/fiches-metiers\/digital\/","title":{"rendered":"Digital : professions, formations et financements"},"content":{"rendered":"\n<figure class=\"wp-block-image is-style-rounded\"><img src=\"https:\/\/lh5.googleusercontent.com\/QUclQYsTs29rPh-TJ_ZlzC7kzi_ocrF-kRp2kwc-Jp_G2Hk6jUxut5zw2tHTVi9HF6gbXmpbjyp-Vy5I25bILEgsio8Uuw2DOL6qFyE68URgo4z7OrG2TZI-RzzYy2uWAvrOTgbhhALlUCC1cII\" alt=\"\"\/><\/figure>\n\n\n\n<p><strong>Vous souhaitez renforcer vos comp\u00e9tences dans le domaine du digital et \u00eatre valoris\u00e9 sur le march\u00e9 du travail ? Plusieurs formations sont \u00e9tablies pour vous venir en aide. Quelles professions et pour quels financements ? Formademia vous en dit plus.&nbsp;<\/strong><\/p>\n\n\n\n<hr class=\"wp-block-separator\"\/>\n\n\n\n<div id=\"ez-toc-container\" class=\"ez-toc-v2_0_19 counter-hierarchy ez-toc-grey\">\n<div class=\"ez-toc-title-container\">\n<p class=\"ez-toc-title\">Sommaire<\/p>\n<span class=\"ez-toc-title-toggle\"><\/span><\/div>\n<nav><ul class=\"ez-toc-list ez-toc-list-level-1\"><li class=\"ez-toc-page-1 ez-toc-heading-level-2\"><a class=\"ez-toc-link ez-toc-heading-1\" href=\"https:\/\/www.formademia.fr\/blog\/fiches-metiers\/digital\/#Quelles_sont_les_professions_liees_au_digital\" title=\"Quelles sont les professions li\u00e9es au digital ?\">Quelles sont les professions li\u00e9es au digital ?<\/a><\/li><li class=\"ez-toc-page-1 ez-toc-heading-level-2\"><a class=\"ez-toc-link ez-toc-heading-2\" href=\"https:\/\/www.formademia.fr\/blog\/fiches-metiers\/digital\/#Formations_au_digital_Comment_se_former\" title=\"Formations au digital : Comment se former ?\">Formations au digital : Comment se former ?<\/a><ul class=\"ez-toc-list-level-3\"><li class=\"ez-toc-heading-level-3\"><a class=\"ez-toc-link ez-toc-heading-3\" href=\"https:\/\/www.formademia.fr\/blog\/fiches-metiers\/digital\/#Formations_initiales_en_digital\" title=\"Formations initiales en digital&nbsp;\">Formations initiales en digital&nbsp;<\/a><\/li><li class=\"ez-toc-page-1 ez-toc-heading-level-3\"><a class=\"ez-toc-link ez-toc-heading-4\" href=\"https:\/\/www.formademia.fr\/blog\/fiches-metiers\/digital\/#Formations_professionnelles_en_digital\" title=\"Formations professionnelles en digital&nbsp;\">Formations professionnelles en digital&nbsp;<\/a><\/li><\/ul><\/li><li class=\"ez-toc-page-1 ez-toc-heading-level-2\"><a class=\"ez-toc-link ez-toc-heading-5\" href=\"https:\/\/www.formademia.fr\/blog\/fiches-metiers\/digital\/#Quels_financements_pour_les_metiers_du_digital\" title=\"Quels financements pour les m\u00e9tiers du digital ?\">Quels financements pour les m\u00e9tiers du digital ?<\/a><ul class=\"ez-toc-list-level-3\"><li class=\"ez-toc-heading-level-3\"><a class=\"ez-toc-link ez-toc-heading-6\" href=\"https:\/\/www.formademia.fr\/blog\/fiches-metiers\/digital\/#Financer_sa_formation_au_digital_avec_le_CPF\" title=\"Financer sa formation au digital avec le CPF&nbsp;\">Financer sa formation au digital avec le CPF&nbsp;<\/a><\/li><li class=\"ez-toc-page-1 ez-toc-heading-level-3\"><a class=\"ez-toc-link ez-toc-heading-7\" href=\"https:\/\/www.formademia.fr\/blog\/fiches-metiers\/digital\/#Les_autres_dispositifs_daides_financieres_a_la_formation\" title=\"Les autres dispositifs d\u2019aides financi\u00e8res \u00e0 la formation&nbsp;\">Les autres dispositifs d\u2019aides financi\u00e8res \u00e0 la formation&nbsp;<\/a><\/li><\/ul><\/li><\/ul><\/nav><\/div>\n<h2><span class=\"ez-toc-section\" id=\"Quelles_sont_les_professions_liees_au_digital\"><\/span>Quelles sont les professions li\u00e9es au digital ?<span class=\"ez-toc-section-end\"><\/span><\/h2>\n\n\n\n<p>Si vous souhaitez exercer une activit\u00e9 dans le secteur du digital, il existe plusieurs aboutissements diff\u00e9rents. Avec le rapide essor des nouvelles technologies et de l\u2019innovation au sein de la soci\u00e9t\u00e9, de nombreux m\u00e9tiers sont apparus.&nbsp;<\/p>\n\n\n\n<p>Plusieurs profils se dessinent alors dans le domaine du digital. Cela concerne notamment:<\/p>\n\n\n\n<ul><li><strong>Le d\u00e9veloppeur <\/strong>: il s\u2019agit du professionnel des langages informatiques. Il d\u00e9finit une solution technique, permettant de r\u00e9pondre aux besoins du projet.&nbsp;<\/li><li><strong><a href=\"https:\/\/www.formademia.fr\/blog\/fiches-metiers\/chef-de-projet-digital\/\">Le chef de projet web<\/a><\/strong> : son objectif est de mettre en place le cahier des charges et de coordonner l\u2019ensemble des intervenants participants au projet web, pour assurer son bon d\u00e9veloppement.&nbsp;<\/li><li><strong>Le commercial web<\/strong> : il a pour but principal de vendre des solutions web \u00e0 sa client\u00e8le.&nbsp;<\/li><li><strong>Le d\u00e9veloppeur mobile<\/strong> : comme le d\u00e9veloppeur, il se charge du langage informatique, sur plateforme mobile.&nbsp;<\/li><li><strong><a href=\"https:\/\/www.formademia.fr\/blog\/fiches-metiers\/chef-de-projet-seo\/\">Le charg\u00e9 de SEO<\/a><\/strong> : il s\u2019agit du responsable du r\u00e9f\u00e9rencement d\u2019un site web. Il prend en charge la visibilit\u00e9 des moteurs de recherche et des r\u00e9seaux sociaux.&nbsp;<\/li><li><strong>Le charg\u00e9 de CRM<\/strong> : en tant que responsable ou charg\u00e9 de relation client, il \u00e9tablit des moyens et des strat\u00e9gies pour am\u00e9liorer la satisfaction des consommateurs, en lien avec les services d\u2019une entreprise.&nbsp;<\/li><li><strong>Le charg\u00e9 de communication digitale<\/strong> : il s\u2019occupe de la promotion d\u2019une entreprise et des produits, au travers de moyens de communication et il assure la r\u00e9putation en ligne de l\u2019entreprise.&nbsp;<\/li><li><strong><a href=\"https:\/\/www.formademia.fr\/blog\/fiches-metiers\/ux-designer\/\">Le webdesigner<\/a> <\/strong>: cette profession s\u2019occupe de la cr\u00e9ation de la maquette du site web, et de l\u2019ensemble des outils de communication. Il se charge \u00e9galement du design et de l\u2019esth\u00e9tisme de la plateforme.&nbsp;<\/li><li><strong>Le charg\u00e9 de SEM<\/strong> : il est responsable se chargeant du r\u00e9f\u00e9rencement payant.&nbsp;<\/li><li><strong>Le chef de produit&nbsp;<\/strong><\/li><\/ul>\n\n\n\n<p>Ainsi, il existe de nombreuses formations pouvant couvrir les comp\u00e9tences reli\u00e9es aux m\u00e9tiers mentionn\u00e9s pr\u00e9c\u00e9demment. En fonction de votre ambition professionnelle, vous pouvez prendre une d\u00e9cision, permettant de faciliter votre insertion sur le march\u00e9 du travail.&nbsp;Pour trouver la formation qui vous convient, vous pouvez consulter notre article : <a href=\"https:\/\/www.formademia.fr\/blog\/formations\/trouver-ma-formation\/\"><strong>Comment trouver ma formation professionnelle ?<\/strong><\/a><\/p>\n\n\n\n<h2><span class=\"ez-toc-section\" id=\"Formations_au_digital_Comment_se_former\"><\/span>Formations au digital : Comment se former ?<span class=\"ez-toc-section-end\"><\/span><\/h2>\n\n\n\n<p>Selon l\u2019activit\u00e9 que vous souhaitez exercer sur le march\u00e9 du travail, vous pouvez suivre diff\u00e9rentes formations. Il existe des formations initiales pr\u00e9vues pour les \u00e9tudiants. Les futurs professionnels digitaux s\u2019adaptent ais\u00e9ment, dans l\u2019objectif de renforcer l\u2019innovation au sein de la soci\u00e9t\u00e9.&nbsp;<\/p>\n\n\n\n<h3><span class=\"ez-toc-section\" id=\"Formations_initiales_en_digital\"><\/span>Formations initiales en digital&nbsp;<span class=\"ez-toc-section-end\"><\/span><\/h3>\n\n\n\n<p>Pour les formations Bac +2, elles sont d\u00e9di\u00e9es aux personnes souhaitant incorporer rapidement le monde du travail. Toutes les formations DUT ou BTS permettent aux \u00e9tudiants de pr\u00e9parer aux m\u00e9tiers de techniciens du num\u00e9rique. Ces formations peuvent \u00eatre accessibles \u00e0 la suite d\u2019un bac S ou technologique.&nbsp;<\/p>\n\n\n\n<p>Le BTS Services informatiques aux organisations (SIO) a pour objectif de former les \u00e9tudiants souhaitant devenir administrateur de r\u00e9seaux ou gestionnaire de donn\u00e9es ou d\u00e9veloppeurs d\u2019applications web et mobile.&nbsp;<\/p>\n\n\n\n<p>Le DUT statistique et informatique d\u00e9cisionnelle (STID) se pr\u00e9sente sous la forme d&#8217;une formation professionnalisante, s\u2019adressant aux futurs data managers ou d\u00e9veloppeurs statistiques.&nbsp;<\/p>\n\n\n\n<p>Il est \u00e9galement possible de suivre une formation au digital \u00e0 l\u2019universit\u00e9. Il propose des formations de type licence, de sorte \u00e0 \u00eatre dirig\u00e9 en master, licence pro ou \u00e9cole sp\u00e9cialis\u00e9e.&nbsp;&nbsp;<\/p>\n\n\n\n<div class='shortcode check'><div class='content'>Il sera alors possible de suivre une licence d\u2019informatique, la licence MIASHS et la licence information et communication.<\/div><\/div>\n\n\n\n<p>Enfin, il existe la formation au digital en \u00e9cole sp\u00e9cialis\u00e9e ; de web, d\u2019informatique, du multim\u00e9dia, du digital. Elle permet de pr\u00e9parer \u00e0 la vie professionnelle, en pr\u00e9sentant des alternatives de mise en pratique au sein des entreprises. Gr\u00e2ce \u00e0 ces formations, il sera possible de b\u00e9n\u00e9ficier d\u2019une certification professionnalisante et d\u2019une facilit\u00e9 d\u2019embauche sur le march\u00e9 du travail.&nbsp;<\/p>\n\n\n\n<h3><span class=\"ez-toc-section\" id=\"Formations_professionnelles_en_digital\"><\/span>Formations professionnelles en digital&nbsp;<span class=\"ez-toc-section-end\"><\/span><\/h3>\n\n\n\n<div class=\"wp-block-image\"><figure class=\"alignright size-large is-resized\"><img loading=\"lazy\" src=\"https:\/\/www.formademia.fr\/blog\/wp-content\/uploads\/2022\/07\/samsung-memory-ef3AWiXsUSU-unsplash-1024x683.jpg\" alt=\"\" class=\"wp-image-1250\" width=\"420\" height=\"280\" srcset=\"https:\/\/www.formademia.fr\/blog\/wp-content\/uploads\/2022\/07\/samsung-memory-ef3AWiXsUSU-unsplash-1024x683.jpg 1024w, https:\/\/www.formademia.fr\/blog\/wp-content\/uploads\/2022\/07\/samsung-memory-ef3AWiXsUSU-unsplash-300x200.jpg 300w, https:\/\/www.formademia.fr\/blog\/wp-content\/uploads\/2022\/07\/samsung-memory-ef3AWiXsUSU-unsplash-768x512.jpg 768w, https:\/\/www.formademia.fr\/blog\/wp-content\/uploads\/2022\/07\/samsung-memory-ef3AWiXsUSU-unsplash-1536x1024.jpg 1536w, https:\/\/www.formademia.fr\/blog\/wp-content\/uploads\/2022\/07\/samsung-memory-ef3AWiXsUSU-unsplash-2048x1365.jpg 2048w, https:\/\/www.formademia.fr\/blog\/wp-content\/uploads\/2022\/07\/samsung-memory-ef3AWiXsUSU-unsplash-600x400.jpg 600w\" sizes=\"(max-width: 420px) 100vw, 420px\" \/><\/figure><\/div>\n\n\n\n<p>Plusieurs solutions sont \u00e9galement \u00e9tablies pour les travailleurs souhaitant b\u00e9n\u00e9ficier de qualifications suppl\u00e9mentaires dans le cadre de leur travail. D\u00e8s le lancement de votre activit\u00e9, il est important de ma\u00eetriser la gestion de certains outils digitaux.&nbsp;<\/p>\n\n\n\n<p>Ils permettent d\u2019am\u00e9liorer la communication et les op\u00e9rations entrepreneuriales sur le long terme.&nbsp;<\/p>\n\n\n\n<p>En tant que professionnel, vous pourrez mettre en place des moyens marketing, essentiels \u00e0 la croissance de votre structure. Au travers d\u2019une formation suppl\u00e9mentaire, vous pouvez b\u00e9n\u00e9ficier de bases dans le domaine, pour identifier les objectifs et l\u2019audience de l\u2019entreprise. L\u2019utilisation de r\u00e9seaux sociaux permet de g\u00e9n\u00e9rer du trafic sur le site web. Vous pouvez donc approfondir les comp\u00e9tences suivantes :&nbsp;<\/p>\n\n\n\n<ul><li>L\u2019optimisation des moteurs de recherche (SEO)&nbsp;<\/li><li>Les campagnes publicitaires via les r\u00e9seaux sociaux&nbsp;<\/li><li>L&#8217;optimisation de la conversion&nbsp;<\/li><li>Le marketing de contenu&nbsp;<\/li><li>L\u2019emailing<\/li><\/ul>\n\n\n\n<p>Les formations vous permettront d\u2019en apprendre davantage sur les outils suivants :&nbsp;<\/p>\n\n\n\n<ul><li>WordPress : cr\u00e9ation de site en faveur de la visibilit\u00e9 en ligne&nbsp;<\/li><li>Adwords : mise en place d\u2019une marque via Google&nbsp;<\/li><li>Mailchimp : programme de publications sur les r\u00e9seaux sociaux&nbsp;<\/li><li>Linkedin Sales Navigator : identification des clients cibles en B2B<\/li><\/ul>\n\n\n\n<p>En parall\u00e8le, vous pouvez \u00e9galement optimiser la gestion de votre entreprise. En tant qu\u2019auto-entrepreneur, vous devez apprendre \u00e0 effectuer des estimations pour le d\u00e9veloppement futur de votre activit\u00e9. L\u2019objectif est de pouvoir les pr\u00e9senter aux potentiels investisseurs. La collecte des fonds dans la vente des services et des produits est essentielle pour assurer la progression d\u2019une structure sur le march\u00e9 du travail. Ces formations prennent en compte la ma\u00eetrise des outils suivants :&nbsp;<\/p>\n\n\n\n<ul><li>Gsuite : cr\u00e9ation des tableaux de bord, pour suivre une activit\u00e9 via Google<\/li><li>Stripe : obtention des financements en ligne des clients<\/li><li>Qonto \/ Shine : les devis, les factures et les paiements des clients via une plateforme<\/li><li>Pipedrive : CRM qui assure le suivi des clients et des prospects<\/li><\/ul>\n\n\n\n<div class='shortcode read-more'><div class='title'>En savoir plus<\/div><div class='content'>Pour en apprendre davantage sur les <strong><a href=\"https:\/\/www.formademia.fr\/blog\/formations\/\">formations<\/a><\/strong> digitales \u00e0 suivre vous pouvez consulter les fiches m\u00e9tiers de Formademia, via notre site web.<\/div><\/div>\n\n\n\n<h2><span class=\"ez-toc-section\" id=\"Quels_financements_pour_les_metiers_du_digital\"><\/span>Quels financements pour les m\u00e9tiers du digital ?<span class=\"ez-toc-section-end\"><\/span><\/h2>\n\n\n\n<p>Pour couvrir vos frais de formations, plusieurs solutions financi\u00e8res sont \u00e9tablies. Sous certaines conditions, vous pouvez donc y pr\u00e9tendre.&nbsp;<\/p>\n\n\n\n<h3><span class=\"ez-toc-section\" id=\"Financer_sa_formation_au_digital_avec_le_CPF\"><\/span>Financer sa formation au digital avec le CPF&nbsp;<span class=\"ez-toc-section-end\"><\/span><\/h3>\n\n\n\n<p>Le compte personnel de <strong><a href=\"https:\/\/www.formademia.fr\/blog\/solutions-de-financement\/cpf-compte\/\">formation (CPF) <\/a>a<\/strong>ide les personnes souhaitant suivre une formation digitale. Il se pr\u00e9sente sous la forme d\u2019une aide financi\u00e8re, dont le versement est effectu\u00e9 sous condition d\u2019avoir cotis\u00e9 des heures de formation dans le dernier parcours professionnel.&nbsp;<\/p>\n\n\n\n<div class='shortcode check'><div class='content'>D\u00e8s l\u2019entr\u00e9e au sein de la vie professionnelle, il est recommand\u00e9 de mettre en place son compte personnel.<\/div><\/div>\n\n\n\n<p>Pour en b\u00e9n\u00e9ficier, vous devez respecter les conditions suivantes :&nbsp;<\/p>\n\n\n\n<ul><li>Vous \u00eates une personne \u00e2g\u00e9e de 16 ans et plus.&nbsp;<\/li><li>Vous \u00eates un jeune de 15 ans, par d\u00e9rogation, qui a sign\u00e9 un contrat d\u2019apprentissage.&nbsp;<\/li><li>Votre CPF est ferm\u00e9 lors de la date \u00e0 laquelle votre titulaire fait valoir tous les droits \u00e0 la retraite, sans prendre en compte les activit\u00e9s b\u00e9n\u00e9voles et volontaires que l\u2019employ\u00e9 exerce.<\/li><li>Si vous avez 65 ans, le CPF est ferm\u00e9 de mani\u00e8re automatique pour tous les employ\u00e9s qui ont liquid\u00e9 leurs droits \u00e0 la retraite et n\u2019ont pas recommencer une activit\u00e9 salari\u00e9e.&nbsp;<\/li><li>Si vous avez d\u00e9pass\u00e9 cette limite d\u2019\u00e2ge et que vous \u00eates en situation de retraite et souhaitez reprendre une activit\u00e9 professionnelle, le retrait\u00e9 peut demander une ouverture de son compte CPF, aupr\u00e8s du service client.&nbsp;<\/li><\/ul>\n\n\n\n<div class='shortcode read-more'><div class='title'>En savoir plus<\/div><div class='content'>Pour en apprendre davantage sur le sujet, vous pouvez consulter nos articles sur le <strong><a href=\"https:\/\/www.formademia.fr\/blog\/solutions-de-financement\/cpf-compte\/\">CPF<\/a><\/strong>, via notre site web.<\/div><\/div>\n\n\n\n<h3><span class=\"ez-toc-section\" id=\"Les_autres_dispositifs_daides_financieres_a_la_formation\"><\/span>Les autres dispositifs d\u2019aides financi\u00e8res \u00e0 la formation&nbsp;<span class=\"ez-toc-section-end\"><\/span><\/h3>\n\n\n\n<div class=\"wp-block-image\"><figure class=\"alignleft size-large is-resized\"><img loading=\"lazy\" src=\"https:\/\/www.formademia.fr\/blog\/wp-content\/uploads\/2022\/07\/samsung-memory-5y_CA3qS3Z4-unsplash-1024x769.jpg\" alt=\"\" class=\"wp-image-1251\" width=\"480\" height=\"360\" srcset=\"https:\/\/www.formademia.fr\/blog\/wp-content\/uploads\/2022\/07\/samsung-memory-5y_CA3qS3Z4-unsplash-1024x769.jpg 1024w, https:\/\/www.formademia.fr\/blog\/wp-content\/uploads\/2022\/07\/samsung-memory-5y_CA3qS3Z4-unsplash-300x225.jpg 300w, https:\/\/www.formademia.fr\/blog\/wp-content\/uploads\/2022\/07\/samsung-memory-5y_CA3qS3Z4-unsplash-768x577.jpg 768w, https:\/\/www.formademia.fr\/blog\/wp-content\/uploads\/2022\/07\/samsung-memory-5y_CA3qS3Z4-unsplash-1536x1153.jpg 1536w, https:\/\/www.formademia.fr\/blog\/wp-content\/uploads\/2022\/07\/samsung-memory-5y_CA3qS3Z4-unsplash-2048x1538.jpg 2048w, https:\/\/www.formademia.fr\/blog\/wp-content\/uploads\/2022\/07\/samsung-memory-5y_CA3qS3Z4-unsplash-600x450.jpg 600w\" sizes=\"(max-width: 480px) 100vw, 480px\" \/><\/figure><\/div>\n\n\n\n<p>Ces aides permettront de prendre en consid\u00e9ration les d\u00e9penses d\u2019apprentissage. Cela concerne :&nbsp;<\/p>\n\n\n\n<ul><li>Le plan de d\u00e9veloppement des comp\u00e9tences de votre entreprise : le service RH prend en charge l\u2019attribution de cette aide.&nbsp;<\/li><li>Le dispositif FNE-Formation<\/li><li>L\u2019OPCO : Op\u00e9rateurs de Comp\u00e9tences d\u2019une entreprise&nbsp;<\/li><li>P\u00f4le Emploi&nbsp;<\/li><\/ul>\n\n\n\n<div class='shortcode read-more'><div class='title'>En savoir plus<\/div><div class='content'>Pour en apprendre davantage sur les<strong><a href=\"https:\/\/www.formademia.fr\/blog\/solutions-de-financement\/\"> solutions de financement<\/a><\/strong>, vous pouvez consulter nos articles sur le sujet, via notre site web.<\/div><\/div>\n","protected":false},"excerpt":{"rendered":"<p>Vous souhaitez renforcer vos comp\u00e9tences dans le domaine du digital et \u00eatre valoris\u00e9 sur le march\u00e9 du travail ? Plusieurs formations sont \u00e9tablies pour vous venir en aide. Quelles professions et pour quels financements ? Formademia vous en dit plus.&nbsp; Sommaire Quelles sont les professions li\u00e9es au digital ?Formations au digital : Comment se former [&hellip;]<\/p>\n","protected":false},"author":3,"featured_media":866,"comment_status":"open","ping_status":"open","sticky":false,"template":"","format":"standard","meta":[],"categories":[5],"tags":[],"acf":{"faq":{"7":{"question":"","answer":""},"10":{"question":"","answer":""},"13":{"question":"","answer":""},"16":{"question":"","answer":""},"5":{"question":"","answer":""},"6":{"question":"","answer":""},"8":{"question":"","answer":""},"9":{"question":"","answer":""},"11":{"question":"","answer":""},"12":{"question":"","answer":""},"14":{"question":"","answer":""},"15":{"question":"","answer":""}},"go_futher":{"1":"","2":"","3":"","4":"","5":"","6":"","7":"","8":"","9":"","10":""}},"yoast_head":"<!-- This site is optimized with the Yoast SEO plugin v18.6 - https:\/\/yoast.com\/wordpress\/plugins\/seo\/ -->\n<title>Digital : professions, formations et financements - Formademia<\/title>\n<meta name=\"description\" content=\"Si vous souhaitez renforcer vos comp\u00e9tences dans le domaine du digital, vous pouvez suivre une formation, adapt\u00e9e \u00e0 vos besoins.\" \/>\n<meta name=\"robots\" content=\"index, follow, max-snippet:-1, max-image-preview:large, max-video-preview:-1\" \/>\n<link rel=\"canonical\" href=\"https:\/\/www.formademia.fr\/blog\/fiches-metiers\/digital\/\" \/>\n<meta property=\"og:type\" content=\"article\" \/>\n<meta property=\"og:title\" content=\"Digital : professions, formations et financements - Formademia\" \/>\n<meta property=\"og:description\" content=\"Si vous souhaitez renforcer vos comp\u00e9tences dans le domaine du digital, vous pouvez suivre une formation, adapt\u00e9e \u00e0 vos besoins.\" \/>\n<meta property=\"og:url\" content=\"https:\/\/www.formademia.fr\/blog\/fiches-metiers\/digital\/\" \/>\n<meta property=\"og:site_name\" content=\"Formademia\" \/>\n<meta property=\"article:published_time\" content=\"2022-07-25T13:44:43+00:00\" \/>\n<meta property=\"article:modified_time\" content=\"2022-09-16T15:29:06+00:00\" \/>\n<meta property=\"og:image\" content=\"https:\/\/www.formademia.fr\/blog\/wp-content\/uploads\/2022\/06\/hj-barraza-l2Eb_cV6a7A-unsplash-scaled.jpg\" \/>\n\t<meta property=\"og:image:width\" content=\"2560\" \/>\n\t<meta property=\"og:image:height\" content=\"1920\" \/>\n\t<meta property=\"og:image:type\" content=\"image\/jpeg\" \/>\n<meta name=\"twitter:card\" content=\"summary_large_image\" \/>\n<meta name=\"twitter:label1\" content=\"Written by\" \/>\n\t<meta name=\"twitter:data1\" content=\"Camille Vidon\" \/>\n\t<meta name=\"twitter:label2\" content=\"Est. reading time\" \/>\n\t<meta name=\"twitter:data2\" content=\"7 minutes\" \/>\n<script type=\"application\/ld+json\" class=\"yoast-schema-graph\">{\"@context\":\"https:\/\/schema.org\",\"@graph\":[{\"@type\":\"WebSite\",\"@id\":\"https:\/\/www.formademia.fr\/blog\/#website\",\"url\":\"https:\/\/www.formademia.fr\/blog\/\",\"name\":\"Formademia\",\"description\":\"\",\"potentialAction\":[{\"@type\":\"SearchAction\",\"target\":{\"@type\":\"EntryPoint\",\"urlTemplate\":\"https:\/\/www.formademia.fr\/blog\/?s={search_term_string}\"},\"query-input\":\"required name=search_term_string\"}],\"inLanguage\":\"en-US\"},{\"@type\":\"ImageObject\",\"@id\":\"https:\/\/www.formademia.fr\/blog\/fiches-metiers\/digital\/#primaryimage\",\"inLanguage\":\"en-US\",\"url\":\"https:\/\/www.formademia.fr\/blog\/wp-content\/uploads\/2022\/06\/hj-barraza-l2Eb_cV6a7A-unsplash-scaled.jpg\",\"contentUrl\":\"https:\/\/www.formademia.fr\/blog\/wp-content\/uploads\/2022\/06\/hj-barraza-l2Eb_cV6a7A-unsplash-scaled.jpg\",\"width\":2560,\"height\":1920,\"caption\":\"Digital\"},{\"@type\":\"WebPage\",\"@id\":\"https:\/\/www.formademia.fr\/blog\/fiches-metiers\/digital\/#webpage\",\"url\":\"https:\/\/www.formademia.fr\/blog\/fiches-metiers\/digital\/\",\"name\":\"Digital : professions, formations et financements - Formademia\",\"isPartOf\":{\"@id\":\"https:\/\/www.formademia.fr\/blog\/#website\"},\"primaryImageOfPage\":{\"@id\":\"https:\/\/www.formademia.fr\/blog\/fiches-metiers\/digital\/#primaryimage\"},\"datePublished\":\"2022-07-25T13:44:43+00:00\",\"dateModified\":\"2022-09-16T15:29:06+00:00\",\"author\":{\"@id\":\"https:\/\/www.formademia.fr\/blog\/#\/schema\/person\/4143699a04acaacc21ab91ebb889d544\"},\"description\":\"Si vous souhaitez renforcer vos comp\u00e9tences dans le domaine du digital, vous pouvez suivre une formation, adapt\u00e9e \u00e0 vos besoins.\",\"breadcrumb\":{\"@id\":\"https:\/\/www.formademia.fr\/blog\/fiches-metiers\/digital\/#breadcrumb\"},\"inLanguage\":\"en-US\",\"potentialAction\":[{\"@type\":\"ReadAction\",\"target\":[\"https:\/\/www.formademia.fr\/blog\/fiches-metiers\/digital\/\"]}]},{\"@type\":\"BreadcrumbList\",\"@id\":\"https:\/\/www.formademia.fr\/blog\/fiches-metiers\/digital\/#breadcrumb\",\"itemListElement\":[{\"@type\":\"ListItem\",\"position\":1,\"name\":\"Home\",\"item\":\"https:\/\/www.formademia.fr\/blog\/\"},{\"@type\":\"ListItem\",\"position\":2,\"name\":\"Digital : professions, formations et financements\"}]},{\"@type\":\"Person\",\"@id\":\"https:\/\/www.formademia.fr\/blog\/#\/schema\/person\/4143699a04acaacc21ab91ebb889d544\",\"name\":\"Camille Vidon\",\"image\":{\"@type\":\"ImageObject\",\"@id\":\"https:\/\/www.formademia.fr\/blog\/#personlogo\",\"inLanguage\":\"en-US\",\"url\":\"https:\/\/www.formademia.fr\/blog\/wp-content\/uploads\/letter-avatar\/b3dc06c4aaa8939d104eff0a7501459f.svg\",\"contentUrl\":\"https:\/\/www.formademia.fr\/blog\/wp-content\/uploads\/letter-avatar\/b3dc06c4aaa8939d104eff0a7501459f.svg\",\"caption\":\"Camille Vidon\"},\"url\":\"https:\/\/www.formademia.fr\/blog\/author\/camille_vidon\/\"}]}<\/script>\n<!-- \/ Yoast SEO plugin. -->","yoast_head_json":{"title":"Digital : professions, formations et financements - Formademia","description":"Si vous souhaitez renforcer vos comp\u00e9tences dans le domaine du digital, vous pouvez suivre une formation, adapt\u00e9e \u00e0 vos besoins.","robots":{"index":"index","follow":"follow","max-snippet":"max-snippet:-1","max-image-preview":"max-image-preview:large","max-video-preview":"max-video-preview:-1"},"canonical":"https:\/\/www.formademia.fr\/blog\/fiches-metiers\/digital\/","og_type":"article","og_title":"Digital : professions, formations et financements - Formademia","og_description":"Si vous souhaitez renforcer vos comp\u00e9tences dans le domaine du digital, vous pouvez suivre une formation, adapt\u00e9e \u00e0 vos besoins.","og_url":"https:\/\/www.formademia.fr\/blog\/fiches-metiers\/digital\/","og_site_name":"Formademia","article_published_time":"2022-07-25T13:44:43+00:00","article_modified_time":"2022-09-16T15:29:06+00:00","og_image":[{"width":2560,"height":1920,"url":"https:\/\/www.formademia.fr\/blog\/wp-content\/uploads\/2022\/06\/hj-barraza-l2Eb_cV6a7A-unsplash-scaled.jpg","type":"image\/jpeg"}],"twitter_card":"summary_large_image","twitter_misc":{"Written by":"Camille Vidon","Est. reading time":"7 minutes"},"schema":{"@context":"https:\/\/schema.org","@graph":[{"@type":"WebSite","@id":"https:\/\/www.formademia.fr\/blog\/#website","url":"https:\/\/www.formademia.fr\/blog\/","name":"Formademia","description":"","potentialAction":[{"@type":"SearchAction","target":{"@type":"EntryPoint","urlTemplate":"https:\/\/www.formademia.fr\/blog\/?s={search_term_string}"},"query-input":"required name=search_term_string"}],"inLanguage":"en-US"},{"@type":"ImageObject","@id":"https:\/\/www.formademia.fr\/blog\/fiches-metiers\/digital\/#primaryimage","inLanguage":"en-US","url":"https:\/\/www.formademia.fr\/blog\/wp-content\/uploads\/2022\/06\/hj-barraza-l2Eb_cV6a7A-unsplash-scaled.jpg","contentUrl":"https:\/\/www.formademia.fr\/blog\/wp-content\/uploads\/2022\/06\/hj-barraza-l2Eb_cV6a7A-unsplash-scaled.jpg","width":2560,"height":1920,"caption":"Digital"},{"@type":"WebPage","@id":"https:\/\/www.formademia.fr\/blog\/fiches-metiers\/digital\/#webpage","url":"https:\/\/www.formademia.fr\/blog\/fiches-metiers\/digital\/","name":"Digital : professions, formations et financements - Formademia","isPartOf":{"@id":"https:\/\/www.formademia.fr\/blog\/#website"},"primaryImageOfPage":{"@id":"https:\/\/www.formademia.fr\/blog\/fiches-metiers\/digital\/#primaryimage"},"datePublished":"2022-07-25T13:44:43+00:00","dateModified":"2022-09-16T15:29:06+00:00","author":{"@id":"https:\/\/www.formademia.fr\/blog\/#\/schema\/person\/4143699a04acaacc21ab91ebb889d544"},"description":"Si vous souhaitez renforcer vos comp\u00e9tences dans le domaine du digital, vous pouvez suivre une formation, adapt\u00e9e \u00e0 vos besoins.","breadcrumb":{"@id":"https:\/\/www.formademia.fr\/blog\/fiches-metiers\/digital\/#breadcrumb"},"inLanguage":"en-US","potentialAction":[{"@type":"ReadAction","target":["https:\/\/www.formademia.fr\/blog\/fiches-metiers\/digital\/"]}]},{"@type":"BreadcrumbList","@id":"https:\/\/www.formademia.fr\/blog\/fiches-metiers\/digital\/#breadcrumb","itemListElement":[{"@type":"ListItem","position":1,"name":"Home","item":"https:\/\/www.formademia.fr\/blog\/"},{"@type":"ListItem","position":2,"name":"Digital : professions, formations et financements"}]},{"@type":"Person","@id":"https:\/\/www.formademia.fr\/blog\/#\/schema\/person\/4143699a04acaacc21ab91ebb889d544","name":"Camille Vidon","image":{"@type":"ImageObject","@id":"https:\/\/www.formademia.fr\/blog\/#personlogo","inLanguage":"en-US","url":"https:\/\/www.formademia.fr\/blog\/wp-content\/uploads\/letter-avatar\/b3dc06c4aaa8939d104eff0a7501459f.svg","contentUrl":"https:\/\/www.formademia.fr\/blog\/wp-content\/uploads\/letter-avatar\/b3dc06c4aaa8939d104eff0a7501459f.svg","caption":"Camille Vidon"},"url":"https:\/\/www.formademia.fr\/blog\/author\/camille_vidon\/"}]}},"_links":{"self":[{"href":"https:\/\/www.formademia.fr\/blog\/wp-json\/wp\/v2\/posts\/863"}],"collection":[{"href":"https:\/\/www.formademia.fr\/blog\/wp-json\/wp\/v2\/posts"}],"about":[{"href":"https:\/\/www.formademia.fr\/blog\/wp-json\/wp\/v2\/types\/post"}],"author":[{"embeddable":true,"href":"https:\/\/www.formademia.fr\/blog\/wp-json\/wp\/v2\/users\/3"}],"replies":[{"embeddable":true,"href":"https:\/\/www.formademia.fr\/blog\/wp-json\/wp\/v2\/comments?post=863"}],"version-history":[{"count":7,"href":"https:\/\/www.formademia.fr\/blog\/wp-json\/wp\/v2\/posts\/863\/revisions"}],"predecessor-version":[{"id":1624,"href":"https:\/\/www.formademia.fr\/blog\/wp-json\/wp\/v2\/posts\/863\/revisions\/1624"}],"wp:featuredmedia":[{"embeddable":true,"href":"https:\/\/www.formademia.fr\/blog\/wp-json\/wp\/v2\/media\/866"}],"wp:attachment":[{"href":"https:\/\/www.formademia.fr\/blog\/wp-json\/wp\/v2\/media?parent=863"}],"wp:term":[{"taxonomy":"category","embeddable":true,"href":"https:\/\/www.formademia.fr\/blog\/wp-json\/wp\/v2\/categories?post=863"},{"taxonomy":"post_tag","embeddable":true,"href":"https:\/\/www.formademia.fr\/blog\/wp-json\/wp\/v2\/tags?post=863"}],"curies":[{"name":"wp","href":"https:\/\/api.w.org\/{rel}","templated":true}]}}