{"id":484,"date":"2022-06-24T18:07:02","date_gmt":"2022-06-24T16:07:02","guid":{"rendered":"https:\/\/www.formademia.fr\/blog\/?p=484"},"modified":"2022-11-04T18:35:56","modified_gmt":"2022-11-04T16:35:56","slug":"formation-indesign","status":"publish","type":"post","link":"https:\/\/www.formademia.fr\/blog\/formations\/bureautique\/formation-indesign\/","title":{"rendered":"Formation Indesign : programme, dur\u00e9e, financements"},"content":{"rendered":"\n<figure class=\"wp-block-image size-large is-style-rounded\"><img loading=\"lazy\" width=\"1024\" height=\"681\" src=\"https:\/\/www.formademia.fr\/blog\/wp-content\/uploads\/2022\/06\/formation-Indesign-3-1024x681.jpeg\" alt=\"formation indesign\" class=\"wp-image-489\" srcset=\"https:\/\/www.formademia.fr\/blog\/wp-content\/uploads\/2022\/06\/formation-Indesign-3-1024x681.jpeg 1024w, https:\/\/www.formademia.fr\/blog\/wp-content\/uploads\/2022\/06\/formation-Indesign-3-300x199.jpeg 300w, https:\/\/www.formademia.fr\/blog\/wp-content\/uploads\/2022\/06\/formation-Indesign-3-768x511.jpeg 768w, https:\/\/www.formademia.fr\/blog\/wp-content\/uploads\/2022\/06\/formation-Indesign-3-1536x1021.jpeg 1536w, https:\/\/www.formademia.fr\/blog\/wp-content\/uploads\/2022\/06\/formation-Indesign-3-600x399.jpeg 600w, https:\/\/www.formademia.fr\/blog\/wp-content\/uploads\/2022\/06\/formation-Indesign-3.jpeg 1560w\" sizes=\"(max-width: 1024px) 100vw, 1024px\" \/><\/figure>\n\n\n\n<p><strong>La ma\u00eetrise du logiciel d\u2019infographie et de graphisme Indesign est aujourd\u2019hui un r\u00e9el atout au sein de toute entreprise. Cependant, face aux fonctionnalit\u00e9s infinies, il peut \u00eatre difficile d\u2019utiliser le logiciel. Ainsi, une formation Indesign repr\u00e9sente une belle opportunit\u00e9 pour \u00e9voluer dans les secteurs qui utilisent l&#8217;outil informatique. <\/strong><\/p>\n\n\n\n<div id=\"ez-toc-container\" class=\"ez-toc-v2_0_19 counter-hierarchy ez-toc-grey\">\n<div class=\"ez-toc-title-container\">\n<p class=\"ez-toc-title\">Sommaire<\/p>\n<span class=\"ez-toc-title-toggle\"><\/span><\/div>\n<nav><ul class=\"ez-toc-list ez-toc-list-level-1\"><li class=\"ez-toc-page-1 ez-toc-heading-level-2\"><a class=\"ez-toc-link ez-toc-heading-1\" href=\"https:\/\/www.formademia.fr\/blog\/formations\/bureautique\/formation-indesign\/#Quelques_mots_sur_la_formation_Indesign\" title=\"Quelques mots sur la formation Indesign \">Quelques mots sur la formation Indesign <\/a><\/li><li class=\"ez-toc-page-1 ez-toc-heading-level-2\"><a class=\"ez-toc-link ez-toc-heading-2\" href=\"https:\/\/www.formademia.fr\/blog\/formations\/bureautique\/formation-indesign\/#La_formation_Indesign_pour_quel_public\" title=\"La formation Indesign : pour quel public ?\">La formation Indesign : pour quel public ?<\/a><\/li><li class=\"ez-toc-page-1 ez-toc-heading-level-2\"><a class=\"ez-toc-link ez-toc-heading-3\" href=\"https:\/\/www.formademia.fr\/blog\/formations\/bureautique\/formation-indesign\/#Le_programme_de_la_formation_Indesign\" title=\"Le programme de la formation Indesign\">Le programme de la formation Indesign<\/a><\/li><li class=\"ez-toc-page-1 ez-toc-heading-level-2\"><a class=\"ez-toc-link ez-toc-heading-4\" href=\"https:\/\/www.formademia.fr\/blog\/formations\/bureautique\/formation-indesign\/#Le_deroulement_de_la_formation_Indesign\" title=\"Le d\u00e9roulement de la formation Indesign\">Le d\u00e9roulement de la formation Indesign<\/a><\/li><li class=\"ez-toc-page-1 ez-toc-heading-level-2\"><a class=\"ez-toc-link ez-toc-heading-5\" href=\"https:\/\/www.formademia.fr\/blog\/formations\/bureautique\/formation-indesign\/#Comment_financer_une_formation_Indesign\" title=\"Comment financer une formation Indesign ? \">Comment financer une formation Indesign ? <\/a><ul class=\"ez-toc-list-level-3\"><li class=\"ez-toc-heading-level-3\"><a class=\"ez-toc-link ez-toc-heading-6\" href=\"https:\/\/www.formademia.fr\/blog\/formations\/bureautique\/formation-indesign\/#Le_Compte_Personnel_de_Formation_CPF\" title=\"Le Compte Personnel de Formation (CPF)\">Le Compte Personnel de Formation (CPF)<\/a><\/li><li class=\"ez-toc-page-1 ez-toc-heading-level-3\"><a class=\"ez-toc-link ez-toc-heading-7\" href=\"https:\/\/www.formademia.fr\/blog\/formations\/bureautique\/formation-indesign\/#Le_plan_de_developpement_des_competences\" title=\"Le plan de d\u00e9veloppement des comp\u00e9tences \">Le plan de d\u00e9veloppement des comp\u00e9tences <\/a><\/li><li class=\"ez-toc-page-1 ez-toc-heading-level-3\"><a class=\"ez-toc-link ez-toc-heading-8\" href=\"https:\/\/www.formademia.fr\/blog\/formations\/bureautique\/formation-indesign\/#La_Validation_des_Acquis_de_lExperience_VAE\" title=\"La Validation des Acquis de l&#8217;Exp\u00e9rience (VAE)\">La Validation des Acquis de l&#8217;Exp\u00e9rience (VAE)<\/a><\/li><\/ul><\/li><\/ul><\/nav><\/div>\n<h2><span class=\"ez-toc-section\" id=\"Quelques_mots_sur_la_formation_Indesign\"><\/span>Quelques mots sur la formation Indesign <span class=\"ez-toc-section-end\"><\/span><\/h2>\n\n\n\n<p>La formation Indesign permet d&#8217;apprendre \u00e0 ma\u00eetriser Adobe Indesign, un des logiciels PAO (Publication Assist\u00e9e par Ordinateur) les plus utilis\u00e9s au monde. En effet, il s&#8217;agit d&#8217;un outil indispensable dans les domaines de la communication visuelle, de l&#8217;infographie et du graphisme. C&#8217;est un v\u00e9ritable atout sur un curriculum vitae. En effet, il fait partie de la Creative Suite d\u2019Adobe, aux c\u00f4t\u00e9s de Photoshop, d\u00e9di\u00e9 au traitement de la photo, et d\u2019Illustrator, pour les dessins vectoriels.<\/p>\n\n\n\n<p>Se lancer dans une formation comme celle-ci n\u00e9cessite d&#8217;avoir quelques qualit\u00e9s et int\u00e9r\u00eats compatibles avec son fonctionnement et ses utilisations. Bien \u00e9videmment, il faut ma\u00eetriser les outils informatiques et avoir une app\u00e9tence concernant la mise en page et la gestion des couleurs d\u2019un texte. Le logiciel Indesign demande une bonne connaissance de la colorim\u00e9trie et une vive cr\u00e9ativit\u00e9. Pour ceux qui poss\u00e8dent un sens aigu de l&#8217;organisation, Adobe a mis en place tout sorte d&#8217;outils afin de faciliter le tri et l&#8217;organisation des calques, fichiers et des diff\u00e9rentes versions. Ainsi, si vous pensez que cela correspond \u00e0 votre profil, il est temps d&#8217;entamer la recherche de la formation qui vous convient.<\/p>\n\n\n\n<h2><span class=\"ez-toc-section\" id=\"La_formation_Indesign_pour_quel_public\"><\/span>La formation Indesign : pour quel public ?<span class=\"ez-toc-section-end\"><\/span><\/h2>\n\n\n\n<p>La formation Indesign s&#8217;adresse \u00e0 tous les publics. En effet, si ce type de formation est propos\u00e9 aux \u00e9tudiants&nbsp;des&nbsp;grandes&nbsp;\u00e9coles&nbsp;de communication et de&nbsp;graphisme,&nbsp;de&nbsp;nombreux&nbsp;organismes de formation proposent aux&nbsp;salari\u00e9s&nbsp;et&nbsp;demandeurs&nbsp;d\u2019emploi de s\u2019initier&nbsp;\u00e0&nbsp;cet outil.<\/p>\n\n\n\n<div class='shortcode important'><div class='title'>Important<\/div><div class='content'>La formation Indesign de Formademia dispose d&#8217;un programme disponible pour les personnes en situation de handicap.<\/div><\/div>\n\n\n\n<p>Il est possible de se former \u00e0 Indesign quel que soit l&#8217;\u00e2ge ou le niveau de qualification. Il existe des formations adapt\u00e9es \u00e0 chaque niveau. Par cons\u00e9quent, la formation peut \u00eatre suivie par des d\u00e9butants qui souhaitent apprendre les fondamentaux d\u2019Indesign, comme savoir manipuler et g\u00e9rer les blocs de texte, cr\u00e9er des rep\u00e8res ou encore habiller des images. Les professionnels peuvent effectuer des formations de perfectionnement. Ces derni\u00e8res permettent d&#8217;utiliser des fonctionnalit\u00e9s plus complexes telles que l&#8217;insertion de scripts en JavaScript pour automatiser les mises en page et la personnalisation de l&#8217;interface et des raccourcis clavier en fonction des crit\u00e8res pr\u00e9cis d&#8217;usage. Elles sont accessibles aux graphistes, \u00e9diteurs ou imprimeurs par exemple. <\/p>\n\n\n\n<p>La Creative Suite d\u2019Adobe d\u00e9veloppe sans cesse de nouvelles fonctionnalit\u00e9s. Ainsi, se former r\u00e9guli\u00e8rement permet donc de rester comp\u00e9titif dans le march\u00e9 de l&#8217;emploi. <\/p>\n\n\n\n<h2><span class=\"ez-toc-section\" id=\"Le_programme_de_la_formation_Indesign\"><\/span>Le programme de la formation Indesign<span class=\"ez-toc-section-end\"><\/span><\/h2>\n\n\n\n<p>Comme \u00e9voqu\u00e9 pr\u00e9c\u00e9demment, ma\u00eetriser Indesign est d\u00e9sormais un enjeu pour les professionnels qui cherchent \u00e0 d\u00e9velopper leurs comp\u00e9tences, ou \u00e0 am\u00e9liorer leur employabilit\u00e9 dans ce secteur d\u2019activit\u00e9. Il en est de m\u00eame pour les entreprises qui d\u00e9sirent garder la production de leurs supports en interne.<\/p>\n\n\n\n<div class=\"wp-block-image\"><figure class=\"alignright size-large is-resized\"><img loading=\"lazy\" src=\"https:\/\/www.formademia.fr\/blog\/wp-content\/uploads\/2022\/06\/formation-indesign-2-1024x683.jpeg\" alt=\"formation indesign \" class=\"wp-image-490\" width=\"446\" height=\"297\" srcset=\"https:\/\/www.formademia.fr\/blog\/wp-content\/uploads\/2022\/06\/formation-indesign-2-1024x683.jpeg 1024w, https:\/\/www.formademia.fr\/blog\/wp-content\/uploads\/2022\/06\/formation-indesign-2-300x200.jpeg 300w, https:\/\/www.formademia.fr\/blog\/wp-content\/uploads\/2022\/06\/formation-indesign-2-768x512.jpeg 768w, https:\/\/www.formademia.fr\/blog\/wp-content\/uploads\/2022\/06\/formation-indesign-2-1536x1024.jpeg 1536w, https:\/\/www.formademia.fr\/blog\/wp-content\/uploads\/2022\/06\/formation-indesign-2-600x400.jpeg 600w, https:\/\/www.formademia.fr\/blog\/wp-content\/uploads\/2022\/06\/formation-indesign-2.jpeg 1560w\" sizes=\"(max-width: 446px) 100vw, 446px\" \/><\/figure><\/div>\n\n\n\n<p>Formademia propose une formation Indesign comprenant 24 modules adapt\u00e9s \u00e0 chaque profil, \u00e0 savoir par exemple : <\/p>\n\n\n\n<ul><li>T\u00e9l\u00e9charger le logiciel <\/li><li>Les premiers pas <\/li><li>Param\u00e9trer vos documents <\/li><li>Ouvrir-enregistrer des fichiers Indesign<\/li><li>Le texte <\/li><li>Dessiner des formes simples <\/li><li>Les contours <\/li><li>La couleur <\/li><li>Atelier cr\u00e9atif &#8211; Ticket \u00c9v\u00e9nements <\/li><li>Les images <\/li><li>Le texte &#8211; quelques options suppl\u00e9mentaires <\/li><li>Atelier cr\u00e9atif &#8211; Menu Caf\u00e9<\/li><li>Affichage et rep\u00e8res<\/li><li>Les gabarits<\/li><li>Etc. <\/li><\/ul>\n\n\n\n<div class='shortcode cta-block'><div class='text'>Trouvez la formation Indesign qui vous convient avec Formademia.<\/div><a href='' class='btn btn-blue'>Simulation gratuite<\/a><\/div>\n\n\n\n<p>Vous apprenez \u00e0 cr\u00e9er des supports de communication visuelle de plusieurs pages ou riches en texte destin\u00e9s \u00e0 l\u2019impression print (brochures, catalogues, livres, flyers, magazines, etc.), ainsi que pour les pr\u00e9sentations num\u00e9riques. \u00c0 l&#8217;issue de la formation Indesign, vous serez autonome dans la mise en page de maquettes pour impression, compos\u00e9es de diff\u00e9rents \u00e9l\u00e9ments (texte, images, dessin vectoriel, etc.) et exportable sous diff\u00e9rents formats de fichier.<\/p>\n\n\n\n<p>La formation Indesign de Formademia vous permet d&#8217;acqu\u00e9rir le Titre Professionnel &#8211; Concepteur Designer UI reconnu par le Minist\u00e8re du Travail de l\u2019Emploi et de l&#8217;Insertion. Ce titre certifie votre niveau de conception et de r\u00e9alisation d&#8217;outils de communication num\u00e9riques adapt\u00e9s \u00e0 diff\u00e9rents supports de publication et de communication. Certaines formations permettent d&#8217;acqu\u00e9rir la certification TOSA Indesign.<\/p>\n\n\n\n<h2><span class=\"ez-toc-section\" id=\"Le_deroulement_de_la_formation_Indesign\"><\/span>Le d\u00e9roulement de la formation Indesign<span class=\"ez-toc-section-end\"><\/span><\/h2>\n\n\n\n<p>Du niveau d\u00e9butant \u00e0 expert, les formations Indesign se d\u00e9roulent partout en France, \u00e0 distance ou en pr\u00e9sentiel. Avec un si grand nombre de formations, il est facile de trouver une formation adapt\u00e9e \u00e0 vos contraintes personnelles et\/ou professionnelles. <\/p>\n\n\n\n<div class='shortcode important'><div class='title'>Important<\/div><div class='content'>Les formations de Formademia sont 100 % en ligne, afin d&#8217;apprendre et de progresser depuis n\u2019importe o\u00f9. <\/div><\/div>\n\n\n\n<p>Les formations Indesign \u00e0 distance dure 2 heures au minimum en cours individuel et 7 heures en e-learning au sein de l&#8217;organisme Formademia. Pour des formations plus avanc\u00e9es, cette dur\u00e9e est allong\u00e9e en cons\u00e9quence. Dans tous les cas, c&#8217;est une formation qui demande du temps, de la volont\u00e9 et de l&#8217;investissement pendant le cours, mais aussi en dehors avec les exercices. <\/p>\n\n\n\n<h2><span class=\"ez-toc-section\" id=\"Comment_financer_une_formation_Indesign\"><\/span>Comment financer une formation Indesign ? <span class=\"ez-toc-section-end\"><\/span><\/h2>\n\n\n\n<div class=\"wp-block-image\"><figure class=\"alignright size-large is-resized\"><img loading=\"lazy\" src=\"https:\/\/www.formademia.fr\/blog\/wp-content\/uploads\/2022\/06\/formation-indesign-1024x678.jpeg\" alt=\"formation indesign \" class=\"wp-image-488\" width=\"395\" height=\"261\" srcset=\"https:\/\/www.formademia.fr\/blog\/wp-content\/uploads\/2022\/06\/formation-indesign-1024x678.jpeg 1024w, https:\/\/www.formademia.fr\/blog\/wp-content\/uploads\/2022\/06\/formation-indesign-300x199.jpeg 300w, https:\/\/www.formademia.fr\/blog\/wp-content\/uploads\/2022\/06\/formation-indesign-768x509.jpeg 768w, https:\/\/www.formademia.fr\/blog\/wp-content\/uploads\/2022\/06\/formation-indesign-1536x1017.jpeg 1536w, https:\/\/www.formademia.fr\/blog\/wp-content\/uploads\/2022\/06\/formation-indesign-600x397.jpeg 600w, https:\/\/www.formademia.fr\/blog\/wp-content\/uploads\/2022\/06\/formation-indesign.jpeg 1560w\" sizes=\"(max-width: 395px) 100vw, 395px\" \/><\/figure><\/div>\n\n\n\n<p>Au sein de la structure de Formademia, le co\u00fbt de la formation s&#8217;\u00e9l\u00e8ve \u00e0 420 euros minimum. \u00c0 savoir que ce tarif varie en fonction du nombre d\u2019heures de cours individuel. <\/p>\n\n\n\n<p>La formation peut \u00eatre prise en charge par diff\u00e9rents dispositifs de la formation professionnelle, \u00e0 solliciter en fonction votre situation professionnelle.<\/p>\n\n\n\n<h3><span class=\"ez-toc-section\" id=\"Le_Compte_Personnel_de_Formation_CPF\"><\/span>Le Compte Personnel de Formation (CPF)<span class=\"ez-toc-section-end\"><\/span><\/h3>\n\n\n\n<p>Le dispositif est un compte personnel qui permet d&#8217;acqu\u00e9rir des droits \u00e0 la formation tout au long de la vie active. Ils sont mobilisables \u00e0 tout moment pour financer totalement ou partiellement une formation Indesign de votre choix, m\u00eame en \u00e9tant actuellement demandeur d\u2019emploi.&nbsp;En effet, le compte s&#8217;adresse \u00e0 tout le monde, d\u00e8s l&#8217;entr\u00e9e sur le march\u00e9 du travail \u00e0 partir de 16 ans (15 ans pour les jeunes en apprentissage) jusqu&#8217;\u00e0 l&#8217;\u00e2ge de la retraite. <\/p>\n\n\n\n<div class='shortcode important'><div class='title'>Important<\/div><div class='content'>Les formations Formademia peuvent \u00eatre prises en charge \u00e0 100 % par votre CPF.<\/div><\/div>\n\n\n\n<h3><span class=\"ez-toc-section\" id=\"Le_plan_de_developpement_des_competences\"><\/span>Le plan de d\u00e9veloppement des comp\u00e9tences <span class=\"ez-toc-section-end\"><\/span><\/h3>\n\n\n\n<p>Lorsque la ma\u00eetrise de cette nouvelle comp\u00e9tence en mise en page en interne&nbsp;est utile \u00e0 votre emploi, l&#8217;employeur peut inclure la formation Indesign dans le plan de formation de l&#8217;entreprise. Ce plan regroupe l\u2019ensemble des actions mises en \u0153uvre au b\u00e9n\u00e9fice des salari\u00e9s. Il peut comporter des actions de formation, de&nbsp;bilan de comp\u00e9tences, des&nbsp;actions d\u2019apprentissage, etc. <\/p>\n\n\n\n<h3><span class=\"ez-toc-section\" id=\"La_Validation_des_Acquis_de_lExperience_VAE\"><\/span>La Validation des Acquis de l&#8217;Exp\u00e9rience (VAE)<span class=\"ez-toc-section-end\"><\/span><\/h3>\n\n\n\n<p>Le passage d&#8217;une certification Indesign agr\u00e9\u00e9e, dans le cadre de la s\u00e9curisation de votre parcours de formation, valorise le curriculum vitae pour les recruteurs. La VAE permet d&#8217;obtenir un dipl\u00f4me, un Titre Professionnel ou un Certificat de Qualification Professionnelle (CQP) \u00e0 partir de vos exp\u00e9riences afin de faciliter votre \u00e9volution professionnelle. <\/p>\n\n\n\n<div class='shortcode read-more'><div class='title'>En savoir plus<\/div><div class='content'>Afin de conna\u00eetre toutes les <a href=\"https:\/\/www.formademia.fr\/blog\/solutions-de-financement\/\">solutions de financement<\/a> pour votre formation, consultez notre article d\u00e9di\u00e9.<\/div><\/div>\n","protected":false},"excerpt":{"rendered":"<p>La ma\u00eetrise du logiciel d\u2019infographie et de graphisme Indesign est aujourd\u2019hui un r\u00e9el atout au sein de toute entreprise. Cependant, face aux fonctionnalit\u00e9s infinies, il peut \u00eatre difficile d\u2019utiliser le logiciel. Ainsi, une formation Indesign repr\u00e9sente une belle opportunit\u00e9 pour \u00e9voluer dans les secteurs qui utilisent l&#8217;outil informatique. Sommaire Quelques mots sur la formation Indesign [&hellip;]<\/p>\n","protected":false},"author":4,"featured_media":489,"comment_status":"open","ping_status":"open","sticky":false,"template":"","format":"standard","meta":[],"categories":[16],"tags":[],"acf":{"faq":{"7":{"question":"","answer":""},"10":{"question":"","answer":""},"13":{"question":"","answer":""},"16":{"question":"","answer":""},"5":{"question":"","answer":""},"6":{"question":"","answer":""},"8":{"question":"","answer":""},"9":{"question":"","answer":""},"11":{"question":"","answer":""},"12":{"question":"","answer":""},"14":{"question":"","answer":""},"15":{"question":"","answer":""}},"go_futher":{"1":"","2":"","3":"","4":"","5":"","6":"","7":"","8":"","9":"","10":""}},"yoast_head":"<!-- This site is optimized with the Yoast SEO plugin v18.6 - https:\/\/yoast.com\/wordpress\/plugins\/seo\/ -->\n<title>Formation Indesign : programme, dur\u00e9e, financements - Formademia<\/title>\n<meta name=\"description\" content=\"Une formation Indesign repr\u00e9sente une belle opportunit\u00e9 pour \u00e9voluer dans les secteurs qui utilise l&#039;outil informatique.\" \/>\n<meta name=\"robots\" content=\"index, follow, max-snippet:-1, max-image-preview:large, max-video-preview:-1\" \/>\n<link rel=\"canonical\" href=\"https:\/\/www.formademia.fr\/blog\/formations\/bureautique\/formation-indesign\/\" \/>\n<meta property=\"og:type\" content=\"article\" \/>\n<meta property=\"og:title\" content=\"Formation Indesign : programme, dur\u00e9e, financements - Formademia\" \/>\n<meta property=\"og:description\" content=\"Une formation Indesign repr\u00e9sente une belle opportunit\u00e9 pour \u00e9voluer dans les secteurs qui utilise l&#039;outil informatique.\" \/>\n<meta property=\"og:url\" content=\"https:\/\/www.formademia.fr\/blog\/formations\/bureautique\/formation-indesign\/\" \/>\n<meta property=\"og:site_name\" content=\"Formademia\" \/>\n<meta property=\"article:published_time\" content=\"2022-06-24T16:07:02+00:00\" \/>\n<meta property=\"article:modified_time\" content=\"2022-11-04T16:35:56+00:00\" \/>\n<meta property=\"og:image\" content=\"https:\/\/www.formademia.fr\/blog\/wp-content\/uploads\/2022\/06\/formation-Indesign-3.jpeg\" \/>\n\t<meta property=\"og:image:width\" content=\"1560\" \/>\n\t<meta property=\"og:image:height\" content=\"1037\" \/>\n\t<meta property=\"og:image:type\" content=\"image\/jpeg\" \/>\n<meta name=\"twitter:card\" content=\"summary_large_image\" \/>\n<meta name=\"twitter:label1\" content=\"Written by\" \/>\n\t<meta name=\"twitter:data1\" content=\"Marina Ada Ondo\" \/>\n\t<meta name=\"twitter:label2\" content=\"Est. reading time\" \/>\n\t<meta name=\"twitter:data2\" content=\"6 minutes\" \/>\n<script type=\"application\/ld+json\" class=\"yoast-schema-graph\">{\"@context\":\"https:\/\/schema.org\",\"@graph\":[{\"@type\":\"WebSite\",\"@id\":\"https:\/\/www.formademia.fr\/blog\/#website\",\"url\":\"https:\/\/www.formademia.fr\/blog\/\",\"name\":\"Formademia\",\"description\":\"\",\"potentialAction\":[{\"@type\":\"SearchAction\",\"target\":{\"@type\":\"EntryPoint\",\"urlTemplate\":\"https:\/\/www.formademia.fr\/blog\/?s={search_term_string}\"},\"query-input\":\"required name=search_term_string\"}],\"inLanguage\":\"en-US\"},{\"@type\":\"ImageObject\",\"@id\":\"https:\/\/www.formademia.fr\/blog\/formations\/bureautique\/formation-indesign\/#primaryimage\",\"inLanguage\":\"en-US\",\"url\":\"https:\/\/www.formademia.fr\/blog\/wp-content\/uploads\/2022\/06\/formation-Indesign-3.jpeg\",\"contentUrl\":\"https:\/\/www.formademia.fr\/blog\/wp-content\/uploads\/2022\/06\/formation-Indesign-3.jpeg\",\"width\":1560,\"height\":1037,\"caption\":\"formation indesign\"},{\"@type\":\"WebPage\",\"@id\":\"https:\/\/www.formademia.fr\/blog\/formations\/bureautique\/formation-indesign\/#webpage\",\"url\":\"https:\/\/www.formademia.fr\/blog\/formations\/bureautique\/formation-indesign\/\",\"name\":\"Formation Indesign : programme, dur\u00e9e, financements - Formademia\",\"isPartOf\":{\"@id\":\"https:\/\/www.formademia.fr\/blog\/#website\"},\"primaryImageOfPage\":{\"@id\":\"https:\/\/www.formademia.fr\/blog\/formations\/bureautique\/formation-indesign\/#primaryimage\"},\"datePublished\":\"2022-06-24T16:07:02+00:00\",\"dateModified\":\"2022-11-04T16:35:56+00:00\",\"author\":{\"@id\":\"https:\/\/www.formademia.fr\/blog\/#\/schema\/person\/bc68acb2eede663fcf0387b5e7941ef2\"},\"description\":\"Une formation Indesign repr\u00e9sente une belle opportunit\u00e9 pour \u00e9voluer dans les secteurs qui utilise l'outil informatique.\",\"breadcrumb\":{\"@id\":\"https:\/\/www.formademia.fr\/blog\/formations\/bureautique\/formation-indesign\/#breadcrumb\"},\"inLanguage\":\"en-US\",\"potentialAction\":[{\"@type\":\"ReadAction\",\"target\":[\"https:\/\/www.formademia.fr\/blog\/formations\/bureautique\/formation-indesign\/\"]}]},{\"@type\":\"BreadcrumbList\",\"@id\":\"https:\/\/www.formademia.fr\/blog\/formations\/bureautique\/formation-indesign\/#breadcrumb\",\"itemListElement\":[{\"@type\":\"ListItem\",\"position\":1,\"name\":\"Home\",\"item\":\"https:\/\/www.formademia.fr\/blog\/\"},{\"@type\":\"ListItem\",\"position\":2,\"name\":\"Formation Indesign : programme, dur\u00e9e, financements\"}]},{\"@type\":\"Person\",\"@id\":\"https:\/\/www.formademia.fr\/blog\/#\/schema\/person\/bc68acb2eede663fcf0387b5e7941ef2\",\"name\":\"Marina Ada Ondo\",\"image\":{\"@type\":\"ImageObject\",\"@id\":\"https:\/\/www.formademia.fr\/blog\/#personlogo\",\"inLanguage\":\"en-US\",\"url\":\"https:\/\/www.formademia.fr\/blog\/wp-content\/uploads\/letter-avatar\/1ef0109ae96d06eec17f8f25a6a01c82.svg\",\"contentUrl\":\"https:\/\/www.formademia.fr\/blog\/wp-content\/uploads\/letter-avatar\/1ef0109ae96d06eec17f8f25a6a01c82.svg\",\"caption\":\"Marina Ada Ondo\"},\"url\":\"https:\/\/www.formademia.fr\/blog\/author\/marina\/\"}]}<\/script>\n<!-- \/ Yoast SEO plugin. -->","yoast_head_json":{"title":"Formation Indesign : programme, dur\u00e9e, financements - Formademia","description":"Une formation Indesign repr\u00e9sente une belle opportunit\u00e9 pour \u00e9voluer dans les secteurs qui utilise l'outil informatique.","robots":{"index":"index","follow":"follow","max-snippet":"max-snippet:-1","max-image-preview":"max-image-preview:large","max-video-preview":"max-video-preview:-1"},"canonical":"https:\/\/www.formademia.fr\/blog\/formations\/bureautique\/formation-indesign\/","og_type":"article","og_title":"Formation Indesign : programme, dur\u00e9e, financements - Formademia","og_description":"Une formation Indesign repr\u00e9sente une belle opportunit\u00e9 pour \u00e9voluer dans les secteurs qui utilise l'outil informatique.","og_url":"https:\/\/www.formademia.fr\/blog\/formations\/bureautique\/formation-indesign\/","og_site_name":"Formademia","article_published_time":"2022-06-24T16:07:02+00:00","article_modified_time":"2022-11-04T16:35:56+00:00","og_image":[{"width":1560,"height":1037,"url":"https:\/\/www.formademia.fr\/blog\/wp-content\/uploads\/2022\/06\/formation-Indesign-3.jpeg","type":"image\/jpeg"}],"twitter_card":"summary_large_image","twitter_misc":{"Written by":"Marina Ada Ondo","Est. reading time":"6 minutes"},"schema":{"@context":"https:\/\/schema.org","@graph":[{"@type":"WebSite","@id":"https:\/\/www.formademia.fr\/blog\/#website","url":"https:\/\/www.formademia.fr\/blog\/","name":"Formademia","description":"","potentialAction":[{"@type":"SearchAction","target":{"@type":"EntryPoint","urlTemplate":"https:\/\/www.formademia.fr\/blog\/?s={search_term_string}"},"query-input":"required name=search_term_string"}],"inLanguage":"en-US"},{"@type":"ImageObject","@id":"https:\/\/www.formademia.fr\/blog\/formations\/bureautique\/formation-indesign\/#primaryimage","inLanguage":"en-US","url":"https:\/\/www.formademia.fr\/blog\/wp-content\/uploads\/2022\/06\/formation-Indesign-3.jpeg","contentUrl":"https:\/\/www.formademia.fr\/blog\/wp-content\/uploads\/2022\/06\/formation-Indesign-3.jpeg","width":1560,"height":1037,"caption":"formation indesign"},{"@type":"WebPage","@id":"https:\/\/www.formademia.fr\/blog\/formations\/bureautique\/formation-indesign\/#webpage","url":"https:\/\/www.formademia.fr\/blog\/formations\/bureautique\/formation-indesign\/","name":"Formation Indesign : programme, dur\u00e9e, financements - Formademia","isPartOf":{"@id":"https:\/\/www.formademia.fr\/blog\/#website"},"primaryImageOfPage":{"@id":"https:\/\/www.formademia.fr\/blog\/formations\/bureautique\/formation-indesign\/#primaryimage"},"datePublished":"2022-06-24T16:07:02+00:00","dateModified":"2022-11-04T16:35:56+00:00","author":{"@id":"https:\/\/www.formademia.fr\/blog\/#\/schema\/person\/bc68acb2eede663fcf0387b5e7941ef2"},"description":"Une formation Indesign repr\u00e9sente une belle opportunit\u00e9 pour \u00e9voluer dans les secteurs qui utilise l'outil informatique.","breadcrumb":{"@id":"https:\/\/www.formademia.fr\/blog\/formations\/bureautique\/formation-indesign\/#breadcrumb"},"inLanguage":"en-US","potentialAction":[{"@type":"ReadAction","target":["https:\/\/www.formademia.fr\/blog\/formations\/bureautique\/formation-indesign\/"]}]},{"@type":"BreadcrumbList","@id":"https:\/\/www.formademia.fr\/blog\/formations\/bureautique\/formation-indesign\/#breadcrumb","itemListElement":[{"@type":"ListItem","position":1,"name":"Home","item":"https:\/\/www.formademia.fr\/blog\/"},{"@type":"ListItem","position":2,"name":"Formation Indesign : programme, dur\u00e9e, financements"}]},{"@type":"Person","@id":"https:\/\/www.formademia.fr\/blog\/#\/schema\/person\/bc68acb2eede663fcf0387b5e7941ef2","name":"Marina Ada Ondo","image":{"@type":"ImageObject","@id":"https:\/\/www.formademia.fr\/blog\/#personlogo","inLanguage":"en-US","url":"https:\/\/www.formademia.fr\/blog\/wp-content\/uploads\/letter-avatar\/1ef0109ae96d06eec17f8f25a6a01c82.svg","contentUrl":"https:\/\/www.formademia.fr\/blog\/wp-content\/uploads\/letter-avatar\/1ef0109ae96d06eec17f8f25a6a01c82.svg","caption":"Marina Ada Ondo"},"url":"https:\/\/www.formademia.fr\/blog\/author\/marina\/"}]}},"_links":{"self":[{"href":"https:\/\/www.formademia.fr\/blog\/wp-json\/wp\/v2\/posts\/484"}],"collection":[{"href":"https:\/\/www.formademia.fr\/blog\/wp-json\/wp\/v2\/posts"}],"about":[{"href":"https:\/\/www.formademia.fr\/blog\/wp-json\/wp\/v2\/types\/post"}],"author":[{"embeddable":true,"href":"https:\/\/www.formademia.fr\/blog\/wp-json\/wp\/v2\/users\/4"}],"replies":[{"embeddable":true,"href":"https:\/\/www.formademia.fr\/blog\/wp-json\/wp\/v2\/comments?post=484"}],"version-history":[{"count":4,"href":"https:\/\/www.formademia.fr\/blog\/wp-json\/wp\/v2\/posts\/484\/revisions"}],"predecessor-version":[{"id":2497,"href":"https:\/\/www.formademia.fr\/blog\/wp-json\/wp\/v2\/posts\/484\/revisions\/2497"}],"wp:featuredmedia":[{"embeddable":true,"href":"https:\/\/www.formademia.fr\/blog\/wp-json\/wp\/v2\/media\/489"}],"wp:attachment":[{"href":"https:\/\/www.formademia.fr\/blog\/wp-json\/wp\/v2\/media?parent=484"}],"wp:term":[{"taxonomy":"category","embeddable":true,"href":"https:\/\/www.formademia.fr\/blog\/wp-json\/wp\/v2\/categories?post=484"},{"taxonomy":"post_tag","embeddable":true,"href":"https:\/\/www.formademia.fr\/blog\/wp-json\/wp\/v2\/tags?post=484"}],"curies":[{"name":"wp","href":"https:\/\/api.w.org\/{rel}","templated":true}]}}