{"id":1868,"date":"2022-09-29T15:43:42","date_gmt":"2022-09-29T13:43:42","guid":{"rendered":"https:\/\/www.formademia.fr\/blog\/?p=1868"},"modified":"2022-11-03T18:04:32","modified_gmt":"2022-11-03T16:04:32","slug":"management","status":"publish","type":"post","link":"https:\/\/www.formademia.fr\/blog\/formations\/management\/","title":{"rendered":"Formation management : programme, d\u00e9marches et financement"},"content":{"rendered":"\n<figure class=\"wp-block-image is-style-rounded\"><img src=\"https:\/\/lh6.googleusercontent.com\/0osGr_-u7kli3HRtXchExllDDfHcrvRjlxTQcFyeKhzxG2bCHhhBTUyhvZGpM6J-tZ05cAPXvK8vTZJ2_sNpEzz3nzmyregiOQot1OAkJW4NH6usdyUoY50o5GUtBcl6foH7MbVvpttkEoWMIBSYr_e2bsBrY_e3BgwQ9WEq6ryfqr5n6bna2yQhBQ\" alt=\"\"\/><\/figure>\n\n\n\n<p><strong>Vous souhaitez exercer une activit\u00e9 professionnelle en tant que manager et \u00eatre valoris\u00e9 sur le march\u00e9 ? Formademia vous explique tout ce qu\u2019il faut savoir sur cette profession et la formation management \u00e0 suivre. Quelles sont les d\u00e9marches \u00e0 effectuer et quels financements peuvent \u00eatre accord\u00e9s ? Explications.&nbsp;<\/strong><\/p>\n\n\n\n<hr class=\"wp-block-separator\"\/>\n\n\n\n<div id=\"ez-toc-container\" class=\"ez-toc-v2_0_19 counter-hierarchy ez-toc-grey\">\n<div class=\"ez-toc-title-container\">\n<p class=\"ez-toc-title\">Sommaire<\/p>\n<span class=\"ez-toc-title-toggle\"><\/span><\/div>\n<nav><ul class=\"ez-toc-list ez-toc-list-level-1\"><li class=\"ez-toc-page-1 ez-toc-heading-level-2\"><a class=\"ez-toc-link ez-toc-heading-1\" href=\"https:\/\/www.formademia.fr\/blog\/formations\/management\/#En_quoi_consiste_le_management\" title=\"En quoi consiste le management ?\">En quoi consiste le management ?<\/a><ul class=\"ez-toc-list-level-3\"><li class=\"ez-toc-heading-level-3\"><a class=\"ez-toc-link ez-toc-heading-2\" href=\"https:\/\/www.formademia.fr\/blog\/formations\/management\/#Une_courte_definition_du_management\" title=\"Une courte d\u00e9finition&nbsp;du management\">Une courte d\u00e9finition&nbsp;du management<\/a><\/li><li class=\"ez-toc-page-1 ez-toc-heading-level-3\"><a class=\"ez-toc-link ez-toc-heading-3\" href=\"https:\/\/www.formademia.fr\/blog\/formations\/management\/#Les_missions_principales_en_management\" title=\"Les missions principales en management \">Les missions principales en management <\/a><\/li><\/ul><\/li><li class=\"ez-toc-page-1 ez-toc-heading-level-2\"><a class=\"ez-toc-link ez-toc-heading-4\" href=\"https:\/\/www.formademia.fr\/blog\/formations\/management\/#Formation_management_quelles_sont-elles\" title=\"Formation management : quelles sont-elles ?&nbsp;\">Formation management : quelles sont-elles ?&nbsp;<\/a><\/li><li class=\"ez-toc-page-1 ez-toc-heading-level-2\"><a class=\"ez-toc-link ez-toc-heading-5\" href=\"https:\/\/www.formademia.fr\/blog\/formations\/management\/#Quelles_sont_les_solutions_de_financements_pour_une_formation_en_management\" title=\"Quelles sont les solutions de financements pour une formation en management ?\">Quelles sont les solutions de financements pour une formation en management ?<\/a><ul class=\"ez-toc-list-level-3\"><li class=\"ez-toc-heading-level-3\"><a class=\"ez-toc-link ez-toc-heading-6\" href=\"https:\/\/www.formademia.fr\/blog\/formations\/management\/#Compte_Personnel_de_Formation_CPF\" title=\"Compte Personnel de Formation (CPF)&nbsp;\">Compte Personnel de Formation (CPF)&nbsp;<\/a><\/li><li class=\"ez-toc-page-1 ez-toc-heading-level-3\"><a class=\"ez-toc-link ez-toc-heading-7\" href=\"https:\/\/www.formademia.fr\/blog\/formations\/management\/#Les_autres_dispositifs_daides_financieres\" title=\"Les autres dispositifs d\u2019aides financi\u00e8res&nbsp;\">Les autres dispositifs d\u2019aides financi\u00e8res&nbsp;<\/a><\/li><\/ul><\/li><\/ul><\/nav><\/div>\n<h2><span class=\"ez-toc-section\" id=\"En_quoi_consiste_le_management\"><\/span>En quoi consiste le management ?<span class=\"ez-toc-section-end\"><\/span><\/h2>\n\n\n\n<p>La mission principale d\u2019un manager est de savoir g\u00e9rer son \u00e9quipe et de s\u2019assurer de la coh\u00e9sion et productivit\u00e9 des travailleurs qu\u2019il encadre. En fonction de votre situation personnelle et professionnelle, vous pouvez suivre des formations diff\u00e9rentes.&nbsp;<\/p>\n\n\n\n<h3><span class=\"ez-toc-section\" id=\"Une_courte_definition_du_management\"><\/span>Une courte d\u00e9finition&nbsp;du management<span class=\"ez-toc-section-end\"><\/span><\/h3>\n\n\n\n<p>Un manager correspond \u00e0 une personne cl\u00e9 dans le fonctionnement d\u2019une entreprise, car il consiste \u00e0 assurer la capacit\u00e9 et l&#8217;efficacit\u00e9 de leur travail pour remplir les objectifs fix\u00e9s. En r\u00e8gle g\u00e9n\u00e9rale, il se base essentiellement sur l\u2019aspect humain, c\u2019est pourquoi il a besoin d&#8217;importantes qualit\u00e9s relationnelles en parall\u00e8le de celles pour le management. Elle peut \u00e9galement \u00eatre int\u00e9gr\u00e9e aux missions du dirigeant d\u2019entreprise.&nbsp;<\/p>\n\n\n\n<p>Ce statut vise \u00e0 diriger une \u00e9quipe, tout en assurant que la production atteigne les objectifs fix\u00e9s.&nbsp;&nbsp;<\/p>\n\n\n\n<p>Les qualit\u00e9s suivantes sont requises pour devenir manager :&nbsp;<\/p>\n\n\n\n<ul><li>Vous etes un homme ou une femme en charge d\u2019une \u00e9quipe de plusieurs travailleurs&nbsp;<\/li><li>Une personne polyvalente, capable de tout faire&nbsp;<\/li><li>Une personne experte au sein de son domaine&nbsp;<\/li><\/ul>\n\n\n\n<p>En parall\u00e8le, les comp\u00e9tences personnelles du manager doivent \u00e9galement figurer parmi les \u00e9l\u00e9ments suivants :&nbsp;<\/p>\n\n\n\n<ul><li>Devoir montrer l\u2019exemple professionnel aux autres&nbsp;<\/li><li>Avoir des comp\u00e9tences relationnelles&nbsp;<\/li><li>\u00catre en capacit\u00e9 de prendre des d\u00e9cisions<\/li><li>Faire preuve d\u2019ouverture et d\u2019une certaine capacit\u00e9 d\u2019\u00e9coute&nbsp;<\/li><\/ul>\n\n\n\n<p>Dans le cadre o\u00f9 vous souhaitez effectuer une reconversion professionnelle, vous pouvez suivre une formation management, adapt\u00e9e \u00e0 votre profil. Il s\u2019agit d\u2019un atout incontournable \u00e0 indiquer au sein de votre CV.&nbsp;<\/p>\n\n\n\n<h3><span class=\"ez-toc-section\" id=\"Les_missions_principales_en_management\"><\/span>Les missions principales en management <span class=\"ez-toc-section-end\"><\/span><\/h3>\n\n\n\n<p>Avec la posture de manager, plusieurs fonctions doivent \u00eatre remplies au sein de l\u2019entreprise. <div class='shortcode important'><div class='title'>Important<\/div><div class='content'>Selon la taille et la nature de la structure, ces missions ne sont pas n\u00e9cessairement les m\u00eames.<\/div><\/div><\/p>\n\n\n\n<p>En premier lieu, la constitution d\u2019une \u00e9quipe est essentielle au bon fonctionnement et \u00e0 la coh\u00e9sion sociale pour favoriser l\u2019efficacit\u00e9 professionnelle. Ainsi, un manager peut souvent participer au recrutement des potentiels collaborateurs. Il figure donc \u00e0 la meilleure place pour choisir les bons profils \u00e0 int\u00e9grer au sein de leur \u00e9quipe. Cette prise de d\u00e9cision est g\u00e9n\u00e9ralement d\u00e9termin\u00e9e en fonction des besoins et des objectifs \u00e0 remplir.&nbsp;&nbsp;<\/p>\n\n\n\n<p>Sa prochaine mission est de mettre en place le cadre collaboratif et de faire en sorte que les travailleurs le respectent. Le manager correspond \u00e0 un dirigeant d\u2019\u00e9quipe et, pour ce faire, impose ses r\u00e8gles qui doivent \u00eatre respect\u00e9es. Elles figurent directement sur le contrat professionnel. Il sert d\u2019exemple aux personnes travaillant sous lui, servant d\u2019un moyen parfait pour \u00e9tablir son autorit\u00e9.<\/p>\n\n\n\n<div class='shortcode important'><div class='title'>Important<\/div><div class='content'>Il ne faut cependant pas abuser de son statut, pour \u00e9viter que la productivit\u00e9 baisse.<\/div><\/div>\n\n\n\n<p>Le cadre de collaboration qui sera \u00e9tabli permettra de d\u00e9l\u00e9guer des missions incombant \u00e0 tous les employ\u00e9s. En parall\u00e8le, il a \u00e9galement pour r\u00f4le de motiver les collaborateurs. De sorte \u00e0 ce que l\u2019\u00e9quipe soit en mesure de r\u00e9pondre aux objectifs de l\u2019entreprise qui sont fix\u00e9s, il est indispensable d\u2019apporter de la motivation. Pour ce faire, il doit effectuer les missions suivantes :&nbsp;<\/p>\n\n\n\n<ul><li>Mettre en place un bon environnement et conditions de travail avec des moyens adapt\u00e9s&nbsp;<\/li><li>Effectuer des veilles et des analyses du bien-\u00eatre des salari\u00e9s au travers du cadre de travail et de l\u2019ambiance en entreprise&nbsp;<\/li><li>Encadrer les situations dans lesquelles les travailleurs peuvent \u00eatre \u00e0 l\u2019aise et d\u00e9terminer l\u2019ensemble de leurs centres d&#8217;int\u00e9r\u00eat, pour assurer la productivit\u00e9 de l\u2019entreprise.&nbsp;<\/li><\/ul>\n\n\n\n<p>Enfin, il est essentiel pour un manager de savoir communiquer et \u00e9couter. Il doit pouvoir \u00e9couter et rester pr\u00e9sent pour tous les employ\u00e9s et d\u00e9celer les diff\u00e9rentes probl\u00e9matiques possibles qui sont rencontr\u00e9es au sein du quotidien. Il est donc en mesure de les accompagner dans les changements qui peuvent \u00eatre v\u00e9cus. L\u2019objectif est donc d&#8217;am\u00e9liorer chaque situation. Il doit \u00e9galement d\u00e9montrer une bonne communication et aisance relationnelle entre les employ\u00e9s et le p\u00f4le de la direction. Au travers du retour demand\u00e9 par les travailleurs, avec les questionnaires de satisfaction et autres, il est possible de s\u2019am\u00e9liorer et de changer les bons \u00e9l\u00e9ments. Ainsi, le r\u00f4le d\u2019un manager sert \u00e0 maintenir une certaine coh\u00e9sion d\u2019\u00e9quipe.&nbsp;<\/p>\n\n\n\n<h2><span class=\"ez-toc-section\" id=\"Formation_management_quelles_sont-elles\"><\/span>Formation management : quelles sont-elles ?&nbsp;<span class=\"ez-toc-section-end\"><\/span><\/h2>\n\n\n\n<p>Il est possible de suivre une formation de management, pour mieux g\u00e9rer ses \u00e9quipes en interne et en externe et accompagner le chef de projet dans ses d\u00e9marches. Les objectifs de cette formation certifi\u00e9e sont les suivantes :&nbsp;<\/p>\n\n\n\n<ul><li>Acqu\u00e9rir les bons r\u00e9flexes et les bonnes postures d&#8217;un manager<\/li><li>Apprendre les fondamentaux du management<\/li><li>D\u00e9velopper la motivation des \u00e9quipes<\/li><li>Apprendre \u00e0 d\u00e9l\u00e9guer et g\u00e9rer des situations<\/li><li>Opter pour un positionnement de leader<\/li><\/ul>\n\n\n\n<p>Elle est d\u00e9di\u00e9e \u00e0 toutes les personnes souhaitant renforcer leurs connaissances dans ce domaine. Il est indispensable d\u2019avoir une bonne connexion et un ordinateur pour assurer le suivi des cours \u00e0 distance. Parmi les 26 modules \u00e9tablis, il est possible de choisir des formules dont la dur\u00e9e diff\u00e8re, \u00e0 savoir :&nbsp;<\/p>\n\n\n\n<ul><li>15 heures en e-learning&nbsp;<\/li><li>\u00e0 partir de deux heures de cours individuels&nbsp;<\/li><\/ul>\n\n\n\n<p>A l\u2019issue de cette formation, vous aurez la possibilit\u00e9 de percevoir une certification manager des politiques publiques dispens\u00e9e par IEPP Formation. Le prix de cette formation est fix\u00e9 \u00e0 540 \u20ac&nbsp;TTC. Des contr\u00f4les continus seront \u00e9tablis tout au long de la formation, pour valider les comp\u00e9tences acquises.&nbsp;<\/p>\n\n\n\n<p>En parall\u00e8le de cette formation professionnelle, il vous est possible de suivre des cours en lien avec les r\u00e9seaux sociaux et le community management, \u00e9tablis par la plateforme en ligne de Formademia.<\/p>\n\n\n\n<h2><span class=\"ez-toc-section\" id=\"Quelles_sont_les_solutions_de_financements_pour_une_formation_en_management\"><\/span>Quelles sont les solutions de financements pour une formation en management ?<span class=\"ez-toc-section-end\"><\/span><\/h2>\n\n\n\n<p>Si vous souhaitez suivre une formation en management, il vous est possible de b\u00e9n\u00e9ficier de diff\u00e9rentes solutions de financement. Parmi ces aides financi\u00e8res, il y a le Compte personnel de formation (CPF).&nbsp;<\/p>\n\n\n\n<h3><span class=\"ez-toc-section\" id=\"Compte_Personnel_de_Formation_CPF\"><\/span>Compte Personnel de Formation (CPF)&nbsp;<span class=\"ez-toc-section-end\"><\/span><\/h3>\n\n\n\n<p>Afin de financer vos frais, le compte personnel de formation (CPF) peut vous \u00eatre accord\u00e9 sous diff\u00e9rentes conditions. En tant que demandeur d\u2019emploi, cette solution est essentielle pour faciliter vos d\u00e9marches. Elle se pr\u00e9sente sous la forme d\u2019un financement, dont le versement est effectu\u00e9 d\u00e8s lors que vous avez cotis\u00e9 des heures de formations tout au long de votre dernier parcours professionnel.&nbsp;<\/p>\n\n\n\n<div class='shortcode important'><div class='title'>Important<\/div><div class='content'>D\u00e8s l\u2019entr\u00e9e au sein de la vie active, il est recommand\u00e9 de mettre en place son compte personnel.<\/div><\/div>\n\n\n\n<p>Si vous souhaitez en b\u00e9n\u00e9ficier, vous devez respecter les conditions d\u2019\u00e9ligibilit\u00e9 qui suivent :&nbsp;<\/p>\n\n\n\n<ul><li>Vous \u00eates une personne \u00e2g\u00e9e de 16 ans et plus.&nbsp;<\/li><li>Vous \u00eates un jeune de 15 ans, par d\u00e9rogation, qui a sign\u00e9 un contrat d\u2019apprentissage.&nbsp;<\/li><li>Votre CPF est ferm\u00e9 lors de la date \u00e0 laquelle votre titulaire fait valoir tous les droits \u00e0 la retraite, sans prendre en compte les activit\u00e9s b\u00e9n\u00e9voles et volontaires que l\u2019employ\u00e9 exerce.<\/li><li>Si vous avez 65 ans, le CPF est ferm\u00e9 de mani\u00e8re automatique pour tous les employ\u00e9s qui ont liquid\u00e9 leurs droits \u00e0 la retraite et n\u2019ont pas recommencer une activit\u00e9 salari\u00e9e.&nbsp;<\/li><li>Si vous avez d\u00e9pass\u00e9 cette limite d\u2019\u00e2ge et que vous \u00eates en situation de retraite et souhaitez reprendre une activit\u00e9 professionnelle, le retrait\u00e9 peut demander une ouverture de son compte CPF, aupr\u00e8s du service client.&nbsp;<\/li><\/ul>\n\n\n\n<p>Pour en apprendre davantage sur les d\u00e9marches du CPF, vous pouvez consulter notre article sur le sujet, via notre site web. <\/p>\n\n\n\n<h3><span class=\"ez-toc-section\" id=\"Les_autres_dispositifs_daides_financieres\"><\/span>Les autres dispositifs d\u2019aides financi\u00e8res&nbsp;<span class=\"ez-toc-section-end\"><\/span><\/h3>\n\n\n\n<p>En parall\u00e8le du CPF, il existe d\u2019autres solutions de financement, qui sont \u00e9galement mises en place, \u00e0 savoir :&nbsp;<\/p>\n\n\n\n<ul><li>L\u2019Aide de Retour \u00e0 l\u2019Emploi (ARE) est vers\u00e9e par l\u2019organisme de P\u00f4le Emploi, pour une indemnisation<\/li><li>L\u2019Agefiph est d\u00e9di\u00e9e aux personnes en situation de handicap et il met en place le fonds de financement.&nbsp;<\/li><li>Le Conseil d\u00e9partemental se charge du versement des aides sur dossier, sous condition de ne pas b\u00e9n\u00e9ficier de ressources de la part de P\u00f4le Emploi.<\/li><\/ul>\n\n\n\n<p>Ces solutions sont mises en place pour financer sa formation d\u00e8s lors que vous \u00eates en situation de ch\u00f4mage. Pour ce faire, vous devez \u00eatre en mesure d\u2019apporter des pi\u00e8ces justificatives et des documents adapt\u00e9s au parcours professionnel choisi.<\/p>\n\n\n\n<p>Pour en apprendre davantage sur les solutions de financement dans le cadre d&#8217;une formation, vous pouvez consulter notre article sur le sujet, via notre site web. <\/p>\n","protected":false},"excerpt":{"rendered":"<p>Vous souhaitez exercer une activit\u00e9 professionnelle en tant que manager et \u00eatre valoris\u00e9 sur le march\u00e9 ? Formademia vous explique tout ce qu\u2019il faut savoir sur cette profession et la formation management \u00e0 suivre. Quelles sont les d\u00e9marches \u00e0 effectuer et quels financements peuvent \u00eatre accord\u00e9s ? Explications.&nbsp; Sommaire En quoi consiste le management ?Une [&hellip;]<\/p>\n","protected":false},"author":3,"featured_media":1870,"comment_status":"open","ping_status":"open","sticky":false,"template":"","format":"standard","meta":[],"categories":[1],"tags":[],"acf":{"faq":{"7":{"question":"","answer":""},"10":{"question":"","answer":""},"13":{"question":"","answer":""},"16":{"question":"","answer":""},"5":{"question":"","answer":""},"6":{"question":"","answer":""},"8":{"question":"","answer":""},"9":{"question":"","answer":""},"11":{"question":"","answer":""},"12":{"question":"","answer":""},"14":{"question":"","answer":""},"15":{"question":"","answer":""}},"go_futher":{"1":"","2":"","3":"","4":"","5":"","6":"","7":"","8":"","9":"","10":""}},"yoast_head":"<!-- This site is optimized with the Yoast SEO plugin v18.6 - https:\/\/yoast.com\/wordpress\/plugins\/seo\/ -->\n<title>Formation management : programme, d\u00e9marches et financement - Formademia<\/title>\n<meta name=\"description\" content=\"Si vous souhaitez d\u00e9velopper vos comp\u00e9tences dans le domaine du management, il vous est possible de suivre une formation management.\" \/>\n<meta name=\"robots\" content=\"index, follow, max-snippet:-1, max-image-preview:large, max-video-preview:-1\" \/>\n<link rel=\"canonical\" href=\"https:\/\/www.formademia.fr\/blog\/formations\/management\/\" \/>\n<meta property=\"og:type\" content=\"article\" \/>\n<meta property=\"og:title\" content=\"Formation management : programme, d\u00e9marches et financement - Formademia\" \/>\n<meta property=\"og:description\" content=\"Si vous souhaitez d\u00e9velopper vos comp\u00e9tences dans le domaine du management, il vous est possible de suivre une formation management.\" \/>\n<meta property=\"og:url\" content=\"https:\/\/www.formademia.fr\/blog\/formations\/management\/\" \/>\n<meta property=\"og:site_name\" content=\"Formademia\" \/>\n<meta property=\"article:published_time\" content=\"2022-09-29T13:43:42+00:00\" \/>\n<meta property=\"article:modified_time\" content=\"2022-11-03T16:04:32+00:00\" \/>\n<meta property=\"og:image\" content=\"https:\/\/www.formademia.fr\/blog\/wp-content\/uploads\/2022\/09\/priscilla-du-preez-XkKCui44iM0-unsplash-scaled.jpg\" \/>\n\t<meta property=\"og:image:width\" content=\"2560\" \/>\n\t<meta property=\"og:image:height\" content=\"1707\" \/>\n\t<meta property=\"og:image:type\" content=\"image\/jpeg\" \/>\n<meta name=\"twitter:card\" content=\"summary_large_image\" \/>\n<meta name=\"twitter:label1\" content=\"Written by\" \/>\n\t<meta name=\"twitter:data1\" content=\"Camille Vidon\" \/>\n\t<meta name=\"twitter:label2\" content=\"Est. reading time\" \/>\n\t<meta name=\"twitter:data2\" content=\"7 minutes\" \/>\n<script type=\"application\/ld+json\" class=\"yoast-schema-graph\">{\"@context\":\"https:\/\/schema.org\",\"@graph\":[{\"@type\":\"WebSite\",\"@id\":\"https:\/\/www.formademia.fr\/blog\/#website\",\"url\":\"https:\/\/www.formademia.fr\/blog\/\",\"name\":\"Formademia\",\"description\":\"\",\"potentialAction\":[{\"@type\":\"SearchAction\",\"target\":{\"@type\":\"EntryPoint\",\"urlTemplate\":\"https:\/\/www.formademia.fr\/blog\/?s={search_term_string}\"},\"query-input\":\"required name=search_term_string\"}],\"inLanguage\":\"en-US\"},{\"@type\":\"ImageObject\",\"@id\":\"https:\/\/www.formademia.fr\/blog\/formations\/management\/#primaryimage\",\"inLanguage\":\"en-US\",\"url\":\"https:\/\/www.formademia.fr\/blog\/wp-content\/uploads\/2022\/09\/priscilla-du-preez-XkKCui44iM0-unsplash-scaled.jpg\",\"contentUrl\":\"https:\/\/www.formademia.fr\/blog\/wp-content\/uploads\/2022\/09\/priscilla-du-preez-XkKCui44iM0-unsplash-scaled.jpg\",\"width\":2560,\"height\":1707,\"caption\":\"Formation management\"},{\"@type\":\"WebPage\",\"@id\":\"https:\/\/www.formademia.fr\/blog\/formations\/management\/#webpage\",\"url\":\"https:\/\/www.formademia.fr\/blog\/formations\/management\/\",\"name\":\"Formation management : programme, d\u00e9marches et financement - Formademia\",\"isPartOf\":{\"@id\":\"https:\/\/www.formademia.fr\/blog\/#website\"},\"primaryImageOfPage\":{\"@id\":\"https:\/\/www.formademia.fr\/blog\/formations\/management\/#primaryimage\"},\"datePublished\":\"2022-09-29T13:43:42+00:00\",\"dateModified\":\"2022-11-03T16:04:32+00:00\",\"author\":{\"@id\":\"https:\/\/www.formademia.fr\/blog\/#\/schema\/person\/4143699a04acaacc21ab91ebb889d544\"},\"description\":\"Si vous souhaitez d\u00e9velopper vos comp\u00e9tences dans le domaine du management, il vous est possible de suivre une formation management.\",\"breadcrumb\":{\"@id\":\"https:\/\/www.formademia.fr\/blog\/formations\/management\/#breadcrumb\"},\"inLanguage\":\"en-US\",\"potentialAction\":[{\"@type\":\"ReadAction\",\"target\":[\"https:\/\/www.formademia.fr\/blog\/formations\/management\/\"]}]},{\"@type\":\"BreadcrumbList\",\"@id\":\"https:\/\/www.formademia.fr\/blog\/formations\/management\/#breadcrumb\",\"itemListElement\":[{\"@type\":\"ListItem\",\"position\":1,\"name\":\"Home\",\"item\":\"https:\/\/www.formademia.fr\/blog\/\"},{\"@type\":\"ListItem\",\"position\":2,\"name\":\"Formation management : programme, d\u00e9marches et financement\"}]},{\"@type\":\"Person\",\"@id\":\"https:\/\/www.formademia.fr\/blog\/#\/schema\/person\/4143699a04acaacc21ab91ebb889d544\",\"name\":\"Camille Vidon\",\"image\":{\"@type\":\"ImageObject\",\"@id\":\"https:\/\/www.formademia.fr\/blog\/#personlogo\",\"inLanguage\":\"en-US\",\"url\":\"https:\/\/www.formademia.fr\/blog\/wp-content\/uploads\/letter-avatar\/b3dc06c4aaa8939d104eff0a7501459f.svg\",\"contentUrl\":\"https:\/\/www.formademia.fr\/blog\/wp-content\/uploads\/letter-avatar\/b3dc06c4aaa8939d104eff0a7501459f.svg\",\"caption\":\"Camille Vidon\"},\"url\":\"https:\/\/www.formademia.fr\/blog\/author\/camille_vidon\/\"}]}<\/script>\n<!-- \/ Yoast SEO plugin. -->","yoast_head_json":{"title":"Formation management : programme, d\u00e9marches et financement - Formademia","description":"Si vous souhaitez d\u00e9velopper vos comp\u00e9tences dans le domaine du management, il vous est possible de suivre une formation management.","robots":{"index":"index","follow":"follow","max-snippet":"max-snippet:-1","max-image-preview":"max-image-preview:large","max-video-preview":"max-video-preview:-1"},"canonical":"https:\/\/www.formademia.fr\/blog\/formations\/management\/","og_type":"article","og_title":"Formation management : programme, d\u00e9marches et financement - Formademia","og_description":"Si vous souhaitez d\u00e9velopper vos comp\u00e9tences dans le domaine du management, il vous est possible de suivre une formation management.","og_url":"https:\/\/www.formademia.fr\/blog\/formations\/management\/","og_site_name":"Formademia","article_published_time":"2022-09-29T13:43:42+00:00","article_modified_time":"2022-11-03T16:04:32+00:00","og_image":[{"width":2560,"height":1707,"url":"https:\/\/www.formademia.fr\/blog\/wp-content\/uploads\/2022\/09\/priscilla-du-preez-XkKCui44iM0-unsplash-scaled.jpg","type":"image\/jpeg"}],"twitter_card":"summary_large_image","twitter_misc":{"Written by":"Camille Vidon","Est. reading time":"7 minutes"},"schema":{"@context":"https:\/\/schema.org","@graph":[{"@type":"WebSite","@id":"https:\/\/www.formademia.fr\/blog\/#website","url":"https:\/\/www.formademia.fr\/blog\/","name":"Formademia","description":"","potentialAction":[{"@type":"SearchAction","target":{"@type":"EntryPoint","urlTemplate":"https:\/\/www.formademia.fr\/blog\/?s={search_term_string}"},"query-input":"required name=search_term_string"}],"inLanguage":"en-US"},{"@type":"ImageObject","@id":"https:\/\/www.formademia.fr\/blog\/formations\/management\/#primaryimage","inLanguage":"en-US","url":"https:\/\/www.formademia.fr\/blog\/wp-content\/uploads\/2022\/09\/priscilla-du-preez-XkKCui44iM0-unsplash-scaled.jpg","contentUrl":"https:\/\/www.formademia.fr\/blog\/wp-content\/uploads\/2022\/09\/priscilla-du-preez-XkKCui44iM0-unsplash-scaled.jpg","width":2560,"height":1707,"caption":"Formation management"},{"@type":"WebPage","@id":"https:\/\/www.formademia.fr\/blog\/formations\/management\/#webpage","url":"https:\/\/www.formademia.fr\/blog\/formations\/management\/","name":"Formation management : programme, d\u00e9marches et financement - Formademia","isPartOf":{"@id":"https:\/\/www.formademia.fr\/blog\/#website"},"primaryImageOfPage":{"@id":"https:\/\/www.formademia.fr\/blog\/formations\/management\/#primaryimage"},"datePublished":"2022-09-29T13:43:42+00:00","dateModified":"2022-11-03T16:04:32+00:00","author":{"@id":"https:\/\/www.formademia.fr\/blog\/#\/schema\/person\/4143699a04acaacc21ab91ebb889d544"},"description":"Si vous souhaitez d\u00e9velopper vos comp\u00e9tences dans le domaine du management, il vous est possible de suivre une formation management.","breadcrumb":{"@id":"https:\/\/www.formademia.fr\/blog\/formations\/management\/#breadcrumb"},"inLanguage":"en-US","potentialAction":[{"@type":"ReadAction","target":["https:\/\/www.formademia.fr\/blog\/formations\/management\/"]}]},{"@type":"BreadcrumbList","@id":"https:\/\/www.formademia.fr\/blog\/formations\/management\/#breadcrumb","itemListElement":[{"@type":"ListItem","position":1,"name":"Home","item":"https:\/\/www.formademia.fr\/blog\/"},{"@type":"ListItem","position":2,"name":"Formation management : programme, d\u00e9marches et financement"}]},{"@type":"Person","@id":"https:\/\/www.formademia.fr\/blog\/#\/schema\/person\/4143699a04acaacc21ab91ebb889d544","name":"Camille Vidon","image":{"@type":"ImageObject","@id":"https:\/\/www.formademia.fr\/blog\/#personlogo","inLanguage":"en-US","url":"https:\/\/www.formademia.fr\/blog\/wp-content\/uploads\/letter-avatar\/b3dc06c4aaa8939d104eff0a7501459f.svg","contentUrl":"https:\/\/www.formademia.fr\/blog\/wp-content\/uploads\/letter-avatar\/b3dc06c4aaa8939d104eff0a7501459f.svg","caption":"Camille Vidon"},"url":"https:\/\/www.formademia.fr\/blog\/author\/camille_vidon\/"}]}},"_links":{"self":[{"href":"https:\/\/www.formademia.fr\/blog\/wp-json\/wp\/v2\/posts\/1868"}],"collection":[{"href":"https:\/\/www.formademia.fr\/blog\/wp-json\/wp\/v2\/posts"}],"about":[{"href":"https:\/\/www.formademia.fr\/blog\/wp-json\/wp\/v2\/types\/post"}],"author":[{"embeddable":true,"href":"https:\/\/www.formademia.fr\/blog\/wp-json\/wp\/v2\/users\/3"}],"replies":[{"embeddable":true,"href":"https:\/\/www.formademia.fr\/blog\/wp-json\/wp\/v2\/comments?post=1868"}],"version-history":[{"count":6,"href":"https:\/\/www.formademia.fr\/blog\/wp-json\/wp\/v2\/posts\/1868\/revisions"}],"predecessor-version":[{"id":2457,"href":"https:\/\/www.formademia.fr\/blog\/wp-json\/wp\/v2\/posts\/1868\/revisions\/2457"}],"wp:featuredmedia":[{"embeddable":true,"href":"https:\/\/www.formademia.fr\/blog\/wp-json\/wp\/v2\/media\/1870"}],"wp:attachment":[{"href":"https:\/\/www.formademia.fr\/blog\/wp-json\/wp\/v2\/media?parent=1868"}],"wp:term":[{"taxonomy":"category","embeddable":true,"href":"https:\/\/www.formademia.fr\/blog\/wp-json\/wp\/v2\/categories?post=1868"},{"taxonomy":"post_tag","embeddable":true,"href":"https:\/\/www.formademia.fr\/blog\/wp-json\/wp\/v2\/tags?post=1868"}],"curies":[{"name":"wp","href":"https:\/\/api.w.org\/{rel}","templated":true}]}}